{"id":741,"date":"2023-07-05T15:45:50","date_gmt":"2023-07-05T07:45:50","guid":{"rendered":"http:\/\/longmed-medical.com\/?p=741"},"modified":"2023-12-21T14:17:16","modified_gmt":"2023-12-21T06:17:16","slug":"zip-stitch-longmed-wound-closure-device","status":"publish","type":"post","link":"https:\/\/longmed-medical.com\/tr\/longmed-cilt-kapatma-cihaz-randomize-calisma\/","title":{"rendered":"Zip Stitch Longmed Yara Kapatma Cihaz\u0131 Randomize \u00c7al\u0131\u015fma"},"content":{"rendered":"<div data-elementor-type=\"wp-post\" data-elementor-id=\"741\" class=\"elementor elementor-741\" data-elementor-post-type=\"post\">\n\t\t\t\t\t\t<section class=\"elementor-section elementor-top-section elementor-element elementor-element-cff9187 elementor-section-boxed elementor-section-height-default elementor-section-height-default\" data-id=\"cff9187\" data-element_type=\"section\" data-settings=\"{&quot;ekit_has_onepagescroll_dot&quot;:&quot;yes&quot;}\">\n\t\t\t\t\t\t<div class=\"elementor-container elementor-column-gap-default\">\n\t\t\t\t\t<div class=\"elementor-column elementor-col-100 elementor-top-column elementor-element elementor-element-0d9c5d3\" data-id=\"0d9c5d3\" data-element_type=\"column\">\n\t\t\t<div class=\"elementor-widget-wrap elementor-element-populated\">\n\t\t\t\t\t\t<div class=\"elementor-element elementor-element-cfcfa6e elementor-widget elementor-widget-heading\" data-id=\"cfcfa6e\" data-element_type=\"widget\" data-settings=\"{&quot;ekit_we_effect_on&quot;:&quot;none&quot;}\" data-widget_type=\"heading.default\">\n\t\t\t\t<div class=\"elementor-widget-container\">\n\t\t\t\t\t<h2 class=\"elementor-heading-title elementor-size-default\">Zip Stitch Longmed Yara Kapatma Cihaz\u0131 Randomize \u00c7al\u0131\u015fma<\/h2>\t\t\t\t<\/div>\n\t\t\t\t<\/div>\n\t\t\t\t\t<\/div>\n\t\t<\/div>\n\t\t\t\t\t<\/div>\n\t\t<\/section>\n\t\t\t\t<section class=\"elementor-section elementor-top-section elementor-element elementor-element-f8aa4f3 elementor-section-boxed elementor-section-height-default elementor-section-height-default\" data-id=\"f8aa4f3\" data-element_type=\"section\" data-settings=\"{&quot;ekit_has_onepagescroll_dot&quot;:&quot;yes&quot;}\">\n\t\t\t\t\t\t<div class=\"elementor-container elementor-column-gap-default\">\n\t\t\t\t\t<div class=\"elementor-column elementor-col-100 elementor-top-column elementor-element elementor-element-c9dc31c\" data-id=\"c9dc31c\" data-element_type=\"column\">\n\t\t\t<div class=\"elementor-widget-wrap elementor-element-populated\">\n\t\t\t\t\t\t<div class=\"elementor-element elementor-element-50a6a88 elementor-widget elementor-widget-heading\" data-id=\"50a6a88\" data-element_type=\"widget\" data-settings=\"{&quot;ekit_we_effect_on&quot;:&quot;none&quot;}\" data-widget_type=\"heading.default\">\n\t\t\t\t<div class=\"elementor-widget-container\">\n\t\t\t\t\t<h2 class=\"elementor-heading-title elementor-size-default\">Konjenital Kalp Ameliyatlar\u0131ndan Sonra Kullan\u0131m \u0130\u00e7in Yeni Bir Noninvaziv Zip Stitch Cilt Kapatma Cihaz\u0131n\u0131n Randomize \u00c7al\u0131\u015fmas\u0131<\/h2>\t\t\t\t<\/div>\n\t\t\t\t<\/div>\n\t\t\t\t\t<\/div>\n\t\t<\/div>\n\t\t\t\t\t<\/div>\n\t\t<\/section>\n\t\t\t\t<section class=\"elementor-section elementor-top-section elementor-element elementor-element-b0cf858 elementor-section-boxed elementor-section-height-default elementor-section-height-default\" data-id=\"b0cf858\" data-element_type=\"section\" data-settings=\"{&quot;ekit_has_onepagescroll_dot&quot;:&quot;yes&quot;}\">\n\t\t\t\t\t\t<div class=\"elementor-container elementor-column-gap-default\">\n\t\t\t\t\t<div class=\"elementor-column elementor-col-100 elementor-top-column elementor-element elementor-element-90c2956\" data-id=\"90c2956\" data-element_type=\"column\">\n\t\t\t<div class=\"elementor-widget-wrap elementor-element-populated\">\n\t\t\t\t\t\t<div class=\"elementor-element elementor-element-d768b6a elementor-widget elementor-widget-text-editor\" data-id=\"d768b6a\" data-element_type=\"widget\" data-settings=\"{&quot;ekit_we_effect_on&quot;:&quot;none&quot;}\" data-widget_type=\"text-editor.default\">\n\t\t\t\t<div class=\"elementor-widget-container\">\n\t\t\t\t\t\t\t\t\t<p><strong><b>Yuki Tanaka, MD, Takashi Miyamoto, MD, PhD, Yuji Naito, MD, PhD, <\/b><\/strong><\/p><p><strong><b>Shuichi Yoshitake, MD, Akihiro Sasahara, MD ve Kagami Miyaji, MD, PhD <\/b><\/strong><\/p><p>Kardiyovask\u00fcler Cerrahi B\u00f6l\u00fcm\u00fc, Gunma \u00c7ocuk T\u0131p Merkezi, Shibukawa; ve Kalp ve Damar Cerrahisi Anabilim Dal\u0131,<\/p><p>Kitasato \u00dcniversite Hastanesi, Sagamihara, Japonya<\/p>\t\t\t\t\t\t\t\t<\/div>\n\t\t\t\t<\/div>\n\t\t\t\t\t<\/div>\n\t\t<\/div>\n\t\t\t\t\t<\/div>\n\t\t<\/section>\n\t\t\t\t<section class=\"elementor-section elementor-top-section elementor-element elementor-element-5a1d609 elementor-section-boxed elementor-section-height-default elementor-section-height-default\" data-id=\"5a1d609\" data-element_type=\"section\" data-settings=\"{&quot;ekit_has_onepagescroll_dot&quot;:&quot;yes&quot;}\">\n\t\t\t\t\t\t<div class=\"elementor-container elementor-column-gap-default\">\n\t\t\t\t\t<div class=\"elementor-column elementor-col-100 elementor-top-column elementor-element elementor-element-5f16f07\" data-id=\"5f16f07\" data-element_type=\"column\">\n\t\t\t<div class=\"elementor-widget-wrap elementor-element-populated\">\n\t\t\t\t\t\t<div class=\"elementor-element elementor-element-aa0c643 elementor-widget elementor-widget-image\" data-id=\"aa0c643\" data-element_type=\"widget\" data-settings=\"{&quot;ekit_we_effect_on&quot;:&quot;none&quot;}\" data-widget_type=\"image.default\">\n\t\t\t\t<div class=\"elementor-widget-container\">\n\t\t\t\t\t\t\t\t\t\t\t\t\t\t\t<img fetchpriority=\"high\" decoding=\"async\" width=\"600\" height=\"400\" src=\"https:\/\/longmed-medical.com\/wp-content\/uploads\/2023\/05\/Longmed-Non-invasive-Wound-Closure-Device-Band-Aid-Laceration-Kit.jpg\" class=\"attachment-large size-large wp-image-266\" alt=\"Longmed Non-invaziv Yara Kapatma Cihaz\u0131 Band Aid Laserasyon Kiti\" srcset=\"https:\/\/longmed-medical.com\/wp-content\/uploads\/2023\/05\/Longmed-Non-invasive-Wound-Closure-Device-Band-Aid-Laceration-Kit.jpg 600w, https:\/\/longmed-medical.com\/wp-content\/uploads\/2023\/05\/Longmed-Non-invasive-Wound-Closure-Device-Band-Aid-Laceration-Kit-300x200.jpg 300w, https:\/\/longmed-medical.com\/wp-content\/uploads\/2023\/05\/Longmed-Non-invasive-Wound-Closure-Device-Band-Aid-Laceration-Kit-18x12.jpg 18w\" sizes=\"(max-width: 600px) 100vw, 600px\" \/>\t\t\t\t\t\t\t\t\t\t\t\t\t\t\t<\/div>\n\t\t\t\t<\/div>\n\t\t\t\t\t<\/div>\n\t\t<\/div>\n\t\t\t\t\t<\/div>\n\t\t<\/section>\n\t\t\t\t<section class=\"elementor-section elementor-top-section elementor-element elementor-element-72f3894 elementor-section-boxed elementor-section-height-default elementor-section-height-default\" data-id=\"72f3894\" data-element_type=\"section\" data-settings=\"{&quot;ekit_has_onepagescroll_dot&quot;:&quot;yes&quot;}\">\n\t\t\t\t\t\t<div class=\"elementor-container elementor-column-gap-default\">\n\t\t\t\t\t<div class=\"elementor-column elementor-col-100 elementor-top-column elementor-element elementor-element-d07bed3\" data-id=\"d07bed3\" data-element_type=\"column\">\n\t\t\t<div class=\"elementor-widget-wrap elementor-element-populated\">\n\t\t\t\t\t\t<div class=\"elementor-element elementor-element-a578cd7 elementor-widget elementor-widget-text-editor\" data-id=\"a578cd7\" data-element_type=\"widget\" data-settings=\"{&quot;ekit_we_effect_on&quot;:&quot;none&quot;}\" data-widget_type=\"text-editor.default\">\n\t\t\t\t<div class=\"elementor-widget-container\">\n\t\t\t\t\t\t\t\t\t<p>Arka plan:<\/p><p>Yeni bir Zip Stitch Longmed noninvaziv rapor ediyoruz <a href=\"http:\/\/longmed-medical.com\/tr\/\" target=\"_blank\" rel=\"noopener\">yara kapatma cihaz\u0131<\/a> (ZheJiang Longmed Medical Technology Co.,Ltd.,).Bu cihaz\u0131n ameliyatlardan sonra iyi kozmetik sonu\u00e7lar\u0131 oldu\u011fu kabul edilir ve ameliyat s\u00fcresini azalt\u0131r. Bu \u00e7al\u0131\u015fmada, Kapatma cihaz\u0131 kullan\u0131larak yap\u0131lan cilt kapatma, cilt alt\u0131 diki\u015flerle kar\u015f\u0131la\u015ft\u0131r\u0131lm\u0131\u015f ve bu yeni cihaz\u0131n kullan\u0131\u015fl\u0131l\u0131\u011f\u0131 ve g\u00fcvenli\u011fi de\u011ferlendirilmi\u015ftir.<\/p><p>Y\u00f6ntemler\uff1a<\/p><p>Bu, Haziran 2014 ile Aral\u0131k 2015 aras\u0131nda medyan sternotomi ile kalp ameliyat\u0131 ge\u00e7iren 214 hastan\u0131n yer ald\u0131\u011f\u0131 prospektif, randomize bir \u00e7al\u0131\u015fmayd\u0131. hastalara cilt alt\u0131 s\u00fct\u00fcr uyguland\u0131 (diki\u015f grubu). 78 hastada bu reoperasyon grubuydu, bunlar\u0131n 42&#039;si Kapatma grubunda, 36&#039;s\u0131 s\u00fct\u00fcr grubundayd\u0131. Kozmetik sonu\u00e7lar birinci operasyon grubu ve reoperasyon grubunda ayr\u0131 ayr\u0131 Vancouver Skar Skalas\u0131 kullan\u0131larak de\u011ferlendirildi.<\/p>\t\t\t\t\t\t\t\t<\/div>\n\t\t\t\t<\/div>\n\t\t\t\t\t<\/div>\n\t\t<\/div>\n\t\t\t\t\t<\/div>\n\t\t<\/section>\n\t\t\t\t<section class=\"elementor-section elementor-top-section elementor-element elementor-element-0e8150b elementor-section-boxed elementor-section-height-default elementor-section-height-default\" data-id=\"0e8150b\" data-element_type=\"section\" data-settings=\"{&quot;ekit_has_onepagescroll_dot&quot;:&quot;yes&quot;}\">\n\t\t\t\t\t\t<div class=\"elementor-container elementor-column-gap-default\">\n\t\t\t\t\t<div class=\"elementor-column elementor-col-100 elementor-top-column elementor-element elementor-element-d310903\" data-id=\"d310903\" data-element_type=\"column\">\n\t\t\t<div class=\"elementor-widget-wrap elementor-element-populated\">\n\t\t\t\t\t\t<div class=\"elementor-element elementor-element-39dc0d9 elementor-widget elementor-widget-text-editor\" data-id=\"39dc0d9\" data-element_type=\"widget\" data-settings=\"{&quot;ekit_we_effect_on&quot;:&quot;none&quot;}\" data-widget_type=\"text-editor.default\">\n\t\t\t\t<div class=\"elementor-widget-container\">\n\t\t\t\t\t\t\t\t\t<p>Sonu\u00e7lar:<\/p><p>Birinci ameliyat grubu (p &lt; 0.001) ve yeniden ameliyat grubu (p [ 0.007) aras\u0131nda toplam Vancouver Skar Skalas\u0131 skorunda anlaml\u0131 farkl\u0131l\u0131klar vard\u0131. Cilt kapatma s\u00fcresi, Kapatma grubunda s\u00fct\u00fcr grubuna g\u00f6re anlaml\u0131 olarak daha k\u0131sayd\u0131 (113.0 \u00b1 9.1 saniye vs 375.9 \u00b1 60.2 saniye, p &lt; 0.001). Gruplar aras\u0131nda cerrahi alan enfeksiyonu oran\u0131 a\u00e7\u0131s\u0131ndan anlaml\u0131 fark bulunmad\u0131. Bu cihaza \u00f6zg\u00fc komplikasyonlar ciltte renk de\u011fi\u015fikli\u011fini i\u00e7ermektedir.<span style=\"font-family: var( --e-global-typography-text-font-family ), Sans-serif; font-weight: var( --e-global-typography-text-font-weight );\">(0.9%), epidermoliz (0.9%) ve cihaz\u0131n pul pul d\u00f6k\u00fclmesi (1.8%); ancak ciddi bir komplikasyon geli\u015fmedi.<\/span><\/p>\n<p><\/p>\n<p>Sonu\u00e7lar:<\/p><p>Medyan sternotomi yoluyla yap\u0131lan do\u011fu\u015ftan kalp ameliyatlar\u0131nda, yara kapatma cihaz\u0131 bir&nbsp;<span style=\"font-family: var( --e-global-typography-text-font-family ), Sans-serif; font-weight: var( --e-global-typography-text-font-weight );\">kozmetik g\u00f6r\u00fcn\u00fcm\u00fc iyile\u015ftirmek ve yara kapanma s\u00fcresini azaltmak i\u00e7in m\u00fckemmel bir se\u00e7imdir. Ayr\u0131ca g\u00fcvenle kullan\u0131labilecek bir cihaz oldu\u011funu kan\u0131tlad\u0131.<\/span><\/p>\n<p>(Ann Thorac Surg 2016;102:1368\u201374) 2016, The Society of Thoracic Surgeons<\/p>\t\t\t\t\t\t\t\t<\/div>\n\t\t\t\t<\/div>\n\t\t\t\t\t<\/div>\n\t\t<\/div>\n\t\t\t\t\t<\/div>\n\t\t<\/section>\n\t\t\t\t<section class=\"elementor-section elementor-top-section elementor-element elementor-element-92fa1ad elementor-section-boxed elementor-section-height-default elementor-section-height-default\" data-id=\"92fa1ad\" data-element_type=\"section\" data-settings=\"{&quot;ekit_has_onepagescroll_dot&quot;:&quot;yes&quot;}\">\n\t\t\t\t\t\t<div class=\"elementor-container elementor-column-gap-default\">\n\t\t\t\t\t<div class=\"elementor-column elementor-col-100 elementor-top-column elementor-element elementor-element-548ed03\" data-id=\"548ed03\" data-element_type=\"column\">\n\t\t\t<div class=\"elementor-widget-wrap elementor-element-populated\">\n\t\t\t\t\t\t<div class=\"elementor-element elementor-element-5d76bc8 elementor-widget elementor-widget-text-editor\" data-id=\"5d76bc8\" data-element_type=\"widget\" data-settings=\"{&quot;ekit_we_effect_on&quot;:&quot;none&quot;}\" data-widget_type=\"text-editor.default\">\n\t\t\t\t<div class=\"elementor-widget-container\">\n\t\t\t\t\t\t\t\t\t<p>Cerrahi alan enfeksiyonlar\u0131 ve hipertrofik skarlar, cerrahi sonras\u0131 en \u00f6nemli yara komplikasyonlar\u0131d\u0131r ve bunlar bazen kardiyovask\u00fcler operasyonlardan sonra ortaya \u00e7\u0131kabilir [1-3]. Siyanoakrilat yap\u0131\u015ft\u0131r\u0131c\u0131 ve cerrahi z\u0131mbalar gibi \u00e7e\u015fitli cilt kapatma cihazlar\u0131n\u0131n kullan\u0131m\u0131 bildirilmi\u015ftir [4-6] ve bu cihazlar\u0131n cilt kapatma s\u00fcresini k\u0131saltma, kozmetik g\u00f6r\u00fcn\u00fcm\u00fc iyile\u015ftirme ve enfeksiyon oran\u0131n\u0131 azaltma konusunda iyi bir potansiyele sahip oldu\u011fu g\u00f6sterilmi\u015ftir. . Yara kapama cihaz\u0131 (ZheJiang Longmed Medical Technology Co.,Ltd.), yara kapama potansiyelini azaltan yeni, noninvaziv bir son tabaka cilt kapatma cihaz\u0131d\u0131r.\u00a0<span style=\"font-family: var( --e-global-typography-text-font-family ), Sans-serif; font-weight: var( --e-global-typography-text-font-weight );\">yara komplikasyonlar\u0131 i\u00e7in [7, 8].<\/span><\/p><p>Zip Stitch Longmed yara kapatma cihaz\u0131n\u0131n geli\u015ftirme konsepti, cilt kapatma s\u00fcresini k\u0131saltmak ve ameliyattan sonra hipertrofik bir yara izini \u00f6nlemekti. Kapatma cihaz\u0131n\u0131n Kardiyovask\u00fcler cerrahi d\u0131\u015f\u0131ndaki alanlarda kullan\u0131ld\u0131\u011f\u0131 bildirilmi\u015f olmas\u0131na ra\u011fmen, yara kapatma cihaz\u0131n\u0131n median sternotomi uygulanan do\u011fu\u015ftan hastalar\u0131n cerrahi yaralar\u0131n\u0131 kapatmak i\u00e7in kullan\u0131ld\u0131\u011f\u0131na dair herhangi bir rapor bulunmamaktad\u0131r. Bu \u00e7al\u0131\u015fmada, yara kapatma cihaz\u0131n\u0131n yaray\u0131 kapatmak i\u00e7in kullan\u0131\u015fl\u0131 ve g\u00fcvenli bir cihaz olup olmad\u0131\u011f\u0131n\u0131 de\u011ferlendirdik.\u00a0<span style=\"font-family: var( --e-global-typography-text-font-family ), Sans-serif; font-weight: var( --e-global-typography-text-font-weight );\"><a href=\"https:\/\/en.wikipedia.org\/wiki\/Surgical_incision\" target=\"_blank\" rel=\"nofollow noopener\">cerrahi kesikler<\/a> medyan sternotomi yoluyla kardiyovask\u00fcler operasyonlardan sonra konjenital hastalarda.<\/span><\/p><p>\u00a0<\/p><p>23 Mart 2016&#039;da yay\u0131na kabul edilmi\u015ftir.<\/p><p><span style=\"font-family: var( --e-global-typography-text-font-family ), Sans-serif; font-weight: var( --e-global-typography-text-font-weight );\">Dr Tanaka, \u00c7ocuk Kalp Cerrahisi B\u00f6l\u00fcm\u00fc, Gunma \u00c7ocuk T\u0131p Merkezi, 779 Shimohakoda,Hokkitsumati, Shibukawa, Gunma 377-8577, Japonya; e-posta: tfjgp484@yahoo.co.jp.<\/span><\/p><p><span style=\"font-family: var( --e-global-typography-text-font-family ), Sans-serif; font-weight: var( --e-global-typography-text-font-weight );\">2016 The Society of Thoracic Surgeons 0003-4975\/$36.00 Yay\u0131nlayan Elsevier<\/span><\/p><p>\u00a0<\/p>\t\t\t\t\t\t\t\t<\/div>\n\t\t\t\t<\/div>\n\t\t\t\t\t<\/div>\n\t\t<\/div>\n\t\t\t\t\t<\/div>\n\t\t<\/section>\n\t\t\t\t<section class=\"elementor-section elementor-top-section elementor-element elementor-element-afa88d6 elementor-section-boxed elementor-section-height-default elementor-section-height-default\" data-id=\"afa88d6\" data-element_type=\"section\" data-settings=\"{&quot;ekit_has_onepagescroll_dot&quot;:&quot;yes&quot;}\">\n\t\t\t\t\t\t<div class=\"elementor-container elementor-column-gap-default\">\n\t\t\t\t\t<div class=\"elementor-column elementor-col-100 elementor-top-column elementor-element elementor-element-75a3565\" data-id=\"75a3565\" data-element_type=\"column\">\n\t\t\t<div class=\"elementor-widget-wrap elementor-element-populated\">\n\t\t\t\t\t\t<div class=\"elementor-element elementor-element-d7bf486 elementor-widget elementor-widget-text-editor\" data-id=\"d7bf486\" data-element_type=\"widget\" data-settings=\"{&quot;ekit_we_effect_on&quot;:&quot;none&quot;}\" data-widget_type=\"text-editor.default\">\n\t\t\t\t<div class=\"elementor-widget-container\">\n\t\t\t\t\t\t\t\t\t<p>Hastalar ve Y\u00f6ntemler<\/p><p>Bu yara kapatma cihaz\u0131 \u00e7al\u0131\u015fmas\u0131n\u0131n ara\u015ft\u0131rma protokol\u00fc, Helsinki Bildirgesi&#039;ne uygun olarak kurumumuzdaki \u00c7al\u0131\u015fma \u0130nceleme Kurulu taraf\u0131ndan onayland\u0131.<\/p>\t\t\t\t\t\t\t\t<\/div>\n\t\t\t\t<\/div>\n\t\t\t\t\t<\/div>\n\t\t<\/div>\n\t\t\t\t\t<\/div>\n\t\t<\/section>\n\t\t\t\t<section class=\"elementor-section elementor-top-section elementor-element elementor-element-845967d elementor-section-boxed elementor-section-height-default elementor-section-height-default\" data-id=\"845967d\" data-element_type=\"section\" data-settings=\"{&quot;ekit_has_onepagescroll_dot&quot;:&quot;yes&quot;}\">\n\t\t\t\t\t\t<div class=\"elementor-container elementor-column-gap-default\">\n\t\t\t\t\t<div class=\"elementor-column elementor-col-100 elementor-top-column elementor-element elementor-element-1799705\" data-id=\"1799705\" data-element_type=\"column\">\n\t\t\t<div class=\"elementor-widget-wrap elementor-element-populated\">\n\t\t\t\t\t\t<div class=\"elementor-element elementor-element-b95436a elementor-widget elementor-widget-text-editor\" data-id=\"b95436a\" data-element_type=\"widget\" data-settings=\"{&quot;ekit_we_effect_on&quot;:&quot;none&quot;}\" data-widget_type=\"text-editor.default\">\n\t\t\t\t<div class=\"elementor-widget-container\">\n\t\t\t\t\t\t\t\t\t<p>Hastalar ve \u00c7al\u0131\u015fma Tasar\u0131m\u0131<\/p><p>Yara kapatma cihaz\u0131 \u00e7al\u0131\u015fmas\u0131, Haziran 2014&#039;ten Ekim 2015&#039;e kadar Japonya&#039;n\u0131n Shibukawa kentindeki Gunma \u00c7ocuk T\u0131p Merkezi Kalp ve Damar Cerrahisi B\u00f6l\u00fcm\u00fc&#039;nde medyan sternotomi yoluyla art arda kalp ameliyat\u0131 ge\u00e7iren 238 hastay\u0131 i\u00e7eriyordu. Kay\u0131tl\u0131 hastalar, bilgisayarl\u0131 basit randomizasyon kullan\u0131larak bir yara kapatma cihaz\u0131 grubuna (Kapatma grubu) veya subkutik\u00fcler s\u00fct\u00fcr grubuna (diki\u015f grubu) rastgele atand\u0131 ve bunlar \u00fczerinde \u00e7al\u0131\u015f\u0131ld\u0131.\u00a0<span style=\"font-family: var( --e-global-typography-text-font-family ), Sans-serif; font-weight: var( --e-global-typography-text-font-weight );\">ileriye d\u00f6n\u00fck olarak (\u015eekil 1). T\u00fcm hastalar kat\u0131lmak i\u00e7in yaz\u0131l\u0131 bilgilendirilmi\u015f onam verdi.<\/span><\/p><p>Gecikmi\u015f sternum kapanmas\u0131 ge\u00e7irmi\u015f olan ve trizomi 21 d\u0131\u015f\u0131nda kromozomal anormalli\u011fi olan hastalar, bu denemedeki de\u011ferlendirmeyi basitle\u015ftirmek amac\u0131yla \u00e7al\u0131\u015fmadan \u00e7\u0131kar\u0131ld\u0131. Gecikmi\u015f sternum kapanmas\u0131 olan 20 hasta, trizomi 21 d\u0131\u015f\u0131nda kromozomal anormalli\u011fi olan 1 hasta ve operasyondan sonraki 3 ay i\u00e7inde \u00f6len 3 hasta \u00e7al\u0131\u015fma d\u0131\u015f\u0131 b\u0131rak\u0131ld\u0131 ve bu \u00e7al\u0131\u015fmada 214 hasta kald\u0131.Yeniden ameliyat edilen hastalar ve trizomi 21 hastalar\u0131 dahil edildi.<\/p><p>Cinsiyet, ya\u015f, v\u00fccut a\u011f\u0131rl\u0131\u011f\u0131, hastan\u0131n Down sendromlu olup olmad\u0131\u011f\u0131, bebek veya yenido\u011fan olup olmad\u0131\u011f\u0131, cerrahi yaran\u0131n uzunlu\u011fu, toplam ameliyat s\u00fcresi ve kanama miktar\u0131n\u0131 i\u00e7eren demografik veriler ve klinik \u00f6zellikler topland\u0131. Bu \u00e7al\u0131\u015fmada analiz edilen sonu\u00e7lar aras\u0131nda kozmetik g\u00f6r\u00fcn\u00fcm, cilt kapanma s\u00fcresi ve komplikasyon oran\u0131 yer almaktad\u0131r.<\/p><p>214 hasta ilk ameliyat (FO) grubuna veya yeniden ameliyat (RO) grubuna ayr\u0131ld\u0131 ve her grup kozmetik g\u00f6r\u00fcn\u00fcm a\u00e7\u0131s\u0131ndan analiz edildi. Ancak Kapatma grubu ile s\u00fct\u00fcr grubu aras\u0131ndaki cilt kapatma s\u00fcrelerini ve komplikasyon oranlar\u0131n\u0131 kar\u015f\u0131la\u015ft\u0131rmak i\u00e7in t\u00fcm hastalar bir araya getirildi. \u00d6nceden yara kapatma cihaz\u0131na \u00f6zg\u00fc cilt rengi de\u011fi\u015fikli\u011fi, epidermoliz, cihaza kar\u015f\u0131 alerjik reaksiyon gibi potansiyel komplikasyonlar\u0131 analiz ettik.<\/p><p>cihaz\u0131n hasar g\u00f6rmesi ve pul pul d\u00f6k\u00fclmesi. Bu komplikasyonlar \u015firket taraf\u0131ndan sa\u011flanan bilgiler ve ki\u015fisel deneyimler temel al\u0131narak analiz edilmi\u015f ve cihaz\u0131n g\u00fcvenli\u011finin de\u011ferlendirilmesi amac\u0131yla cihazdaki hasarlar da dahil edilmi\u015ftir.<\/p>\t\t\t\t\t\t\t\t<\/div>\n\t\t\t\t<\/div>\n\t\t\t\t\t<\/div>\n\t\t<\/div>\n\t\t\t\t\t<\/div>\n\t\t<\/section>\n\t\t\t\t<section class=\"elementor-section elementor-top-section elementor-element elementor-element-e141261 elementor-section-boxed elementor-section-height-default elementor-section-height-default\" data-id=\"e141261\" data-element_type=\"section\" data-settings=\"{&quot;ekit_has_onepagescroll_dot&quot;:&quot;yes&quot;}\">\n\t\t\t\t\t\t<div class=\"elementor-container elementor-column-gap-default\">\n\t\t\t\t\t<div class=\"elementor-column elementor-col-100 elementor-top-column elementor-element elementor-element-2d6ba41\" data-id=\"2d6ba41\" data-element_type=\"column\">\n\t\t\t<div class=\"elementor-widget-wrap elementor-element-populated\">\n\t\t\t\t\t\t<div class=\"elementor-element elementor-element-2b46bf1 elementor-widget elementor-widget-image\" data-id=\"2b46bf1\" data-element_type=\"widget\" data-settings=\"{&quot;ekit_we_effect_on&quot;:&quot;none&quot;}\" data-widget_type=\"image.default\">\n\t\t\t\t<div class=\"elementor-widget-container\">\n\t\t\t\t\t\t\t\t\t\t\t\t\t\t\t<img decoding=\"async\" width=\"1024\" height=\"581\" src=\"https:\/\/longmed-medical.com\/wp-content\/uploads\/2023\/07\/Zhejiang-Longmed-Zip-Stitch-Wound-Closure-Device-1024x581.jpg\" class=\"attachment-large size-large wp-image-745\" alt=\"Zhejiang Longmed Zip Diki\u015f Yara Kapatma Cihaz\u0131\" srcset=\"https:\/\/longmed-medical.com\/wp-content\/uploads\/2023\/07\/Zhejiang-Longmed-Zip-Stitch-Wound-Closure-Device-1024x581.jpg 1024w, https:\/\/longmed-medical.com\/wp-content\/uploads\/2023\/07\/Zhejiang-Longmed-Zip-Stitch-Wound-Closure-Device-300x170.jpg 300w, https:\/\/longmed-medical.com\/wp-content\/uploads\/2023\/07\/Zhejiang-Longmed-Zip-Stitch-Wound-Closure-Device-768x435.jpg 768w, https:\/\/longmed-medical.com\/wp-content\/uploads\/2023\/07\/Zhejiang-Longmed-Zip-Stitch-Wound-Closure-Device-18x10.jpg 18w, https:\/\/longmed-medical.com\/wp-content\/uploads\/2023\/07\/Zhejiang-Longmed-Zip-Stitch-Wound-Closure-Device.jpg 1337w\" sizes=\"(max-width: 1024px) 100vw, 1024px\" \/>\t\t\t\t\t\t\t\t\t\t\t\t\t\t\t<\/div>\n\t\t\t\t<\/div>\n\t\t\t\t\t<\/div>\n\t\t<\/div>\n\t\t\t\t\t<\/div>\n\t\t<\/section>\n\t\t\t\t<section class=\"elementor-section elementor-top-section elementor-element elementor-element-e187bc2 elementor-section-boxed elementor-section-height-default elementor-section-height-default\" data-id=\"e187bc2\" data-element_type=\"section\" data-settings=\"{&quot;ekit_has_onepagescroll_dot&quot;:&quot;yes&quot;}\">\n\t\t\t\t\t\t<div class=\"elementor-container elementor-column-gap-default\">\n\t\t\t\t\t<div class=\"elementor-column elementor-col-100 elementor-top-column elementor-element elementor-element-1b84efe\" data-id=\"1b84efe\" data-element_type=\"column\">\n\t\t\t<div class=\"elementor-widget-wrap elementor-element-populated\">\n\t\t\t\t\t\t<div class=\"elementor-element elementor-element-7008a19 elementor-widget elementor-widget-text-editor\" data-id=\"7008a19\" data-element_type=\"widget\" data-settings=\"{&quot;ekit_we_effect_on&quot;:&quot;none&quot;}\" data-widget_type=\"text-editor.default\">\n\t\t\t\t<div class=\"elementor-widget-container\">\n\t\t\t\t\t\t\t\t\t<p>Cihaz ve Teknik<\/p>\n<p>Bu \u00e7al\u0131\u015fmaya dahil edilen 214 hasta, kardiyopulmoner baypasl\u0131 veya baypass\u0131z medyan sternotomi ile kardiyovask\u00fcler ameliyat ge\u00e7irdi. Hem kapatma hem de s\u00fct\u00fcr gruplar\u0131nda cilt alt\u0131 dokular&nbsp;<span style=\"font-family: var( --e-global-typography-text-font-family ), Sans-serif; font-weight: var( --e-global-typography-text-font-weight );\">4-0 Vicryl (Ethicon, Cincinnati,OH) emilebilir multifilament s\u00fct\u00fcrler kullan\u0131larak dikildi. Kapatma grubunda cerrahi yaran\u0131n en d\u0131\u015f y\u00fczeyi yara kapatma aparat\u0131 ile kapat\u0131ld\u0131 (\u015eekil 2). S\u00fct\u00fcr grubunda kontin\u00fc subk\u00fctik\u00fcler s\u00fct\u00fcrler konvansiyonel olarak 5-0 Prolene s\u00fct\u00fcrler (Ethicon) kullan\u0131larak cerrahi klips bir s\u00fct\u00fcr ucunda olacak \u015fekilde yerle\u015ftirildi.<\/span><\/p>\n<p>Ter veya ef\u00fczyonla lekelenmesi durumunda dezenfektans\u0131z yeni gazl\u0131 bez ile de\u011fi\u015ftirilen steril gazl\u0131 bez kullan\u0131larak yara korumas\u0131 sa\u011fland\u0131. T\u00fcm hastalarda operasyondan 7 g\u00fcn sonra cihaz\u0131n \u00e7\u0131kar\u0131lmas\u0131 veya diki\u015flerin al\u0131nmas\u0131 ger\u00e7ekle\u015fti. Yara kapatma cihaz\u0131n\u0131n \u00e7\u0131kar\u0131lmas\u0131, cildi korumak i\u00e7in bir adezyon giderici (Nichiban, Bunkyo, Tokyo, Japonya) kullan\u0131larak sa\u011fland\u0131. Cihaz veya diki\u015fler al\u0131nd\u0131ktan sonra hastalar\u0131n banyo yapmas\u0131na izin verildi.<\/p>\t\t\t\t\t\t\t\t<\/div>\n\t\t\t\t<\/div>\n\t\t\t\t\t<\/div>\n\t\t<\/div>\n\t\t\t\t\t<\/div>\n\t\t<\/section>\n\t\t\t\t<section class=\"elementor-section elementor-top-section elementor-element elementor-element-6ca7a15 elementor-section-boxed elementor-section-height-default elementor-section-height-default\" data-id=\"6ca7a15\" data-element_type=\"section\" data-settings=\"{&quot;ekit_has_onepagescroll_dot&quot;:&quot;yes&quot;}\">\n\t\t\t\t\t\t<div class=\"elementor-container elementor-column-gap-default\">\n\t\t\t\t\t<div class=\"elementor-column elementor-col-100 elementor-top-column elementor-element elementor-element-63d20da\" data-id=\"63d20da\" data-element_type=\"column\">\n\t\t\t<div class=\"elementor-widget-wrap elementor-element-populated\">\n\t\t\t\t\t\t<div class=\"elementor-element elementor-element-2daff2b elementor-widget elementor-widget-image\" data-id=\"2daff2b\" data-element_type=\"widget\" data-settings=\"{&quot;ekit_we_effect_on&quot;:&quot;none&quot;}\" data-widget_type=\"image.default\">\n\t\t\t\t<div class=\"elementor-widget-container\">\n\t\t\t\t\t\t\t\t\t\t\t\t\t\t\t<img decoding=\"async\" width=\"676\" height=\"499\" src=\"https:\/\/longmed-medical.com\/wp-content\/uploads\/2023\/07\/Longmed-Skin-Closure-Device.jpg\" class=\"attachment-large size-large wp-image-746\" alt=\"Longmed Cilt Kapatma Cihaz\u0131\" srcset=\"https:\/\/longmed-medical.com\/wp-content\/uploads\/2023\/07\/Longmed-Skin-Closure-Device.jpg 676w, https:\/\/longmed-medical.com\/wp-content\/uploads\/2023\/07\/Longmed-Skin-Closure-Device-300x221.jpg 300w, https:\/\/longmed-medical.com\/wp-content\/uploads\/2023\/07\/Longmed-Skin-Closure-Device-16x12.jpg 16w\" sizes=\"(max-width: 676px) 100vw, 676px\" \/>\t\t\t\t\t\t\t\t\t\t\t\t\t\t\t<\/div>\n\t\t\t\t<\/div>\n\t\t\t\t\t<\/div>\n\t\t<\/div>\n\t\t\t\t\t<\/div>\n\t\t<\/section>\n\t\t\t\t<section class=\"elementor-section elementor-top-section elementor-element elementor-element-85951b8 elementor-section-boxed elementor-section-height-default elementor-section-height-default\" data-id=\"85951b8\" data-element_type=\"section\" data-settings=\"{&quot;ekit_has_onepagescroll_dot&quot;:&quot;yes&quot;}\">\n\t\t\t\t\t\t<div class=\"elementor-container elementor-column-gap-default\">\n\t\t\t\t\t<div class=\"elementor-column elementor-col-100 elementor-top-column elementor-element elementor-element-7d9e3d5\" data-id=\"7d9e3d5\" data-element_type=\"column\">\n\t\t\t<div class=\"elementor-widget-wrap elementor-element-populated\">\n\t\t\t\t\t\t<div class=\"elementor-element elementor-element-c9eef24 elementor-widget elementor-widget-text-editor\" data-id=\"c9eef24\" data-element_type=\"widget\" data-settings=\"{&quot;ekit_we_effect_on&quot;:&quot;none&quot;}\" data-widget_type=\"text-editor.default\">\n\t\t\t\t<div class=\"elementor-widget-container\">\n\t\t\t\t\t\t\t\t\t<p>Takip ve Veri Toplama<\/p><p>Elektronik t\u0131bbi kay\u0131tlar ve Japon konjenital kardiyovask\u00fcler cerrahi veri taban\u0131, klinik verileri kaydetmek i\u00e7in ara\u00e7lar olarak kullan\u0131ld\u0131. T\u00fcm demografik veriler ve klinik \u00f6zellikler verileri ameliyat \u00f6ncesi kaydedildi ve\u00a0<span style=\"font-family: var( --e-global-typography-text-font-family ), Sans-serif; font-weight: var( --e-global-typography-text-font-weight );\">intraoperatif olarak. Cilt kapanma s\u00fcreleri intraoperatif olarak kronometre ile kaydedildi. yara y\u00f6netimi\u00a0<\/span><span style=\"font-family: var( --e-global-typography-text-font-family ), Sans-serif; font-weight: var( --e-global-typography-text-font-weight );\">protokol t\u00fcm hastalara uyguland\u0131. Takip ve komplikasyon verileri, ameliyattan 1, 2, 4, 8 ve 12 hafta sonra 3 kardiyovask\u00fcler cerrah taraf\u0131ndan topland\u0131. Kozmetik g\u00f6r\u00fcn\u00fcm ameliyattan 3 ay sonra kaydedildi. Hastalar taburcu olduktan sonra kurumumuzda ayaktan takip edildi.<\/span><\/p>\t\t\t\t\t\t\t\t<\/div>\n\t\t\t\t<\/div>\n\t\t\t\t\t<\/div>\n\t\t<\/div>\n\t\t\t\t\t<\/div>\n\t\t<\/section>\n\t\t\t\t<section class=\"elementor-section elementor-top-section elementor-element elementor-element-0900be1 elementor-section-boxed elementor-section-height-default elementor-section-height-default\" data-id=\"0900be1\" data-element_type=\"section\" data-settings=\"{&quot;ekit_has_onepagescroll_dot&quot;:&quot;yes&quot;}\">\n\t\t\t\t\t\t<div class=\"elementor-container elementor-column-gap-default\">\n\t\t\t\t\t<div class=\"elementor-column elementor-col-100 elementor-top-column elementor-element elementor-element-5af6fdc\" data-id=\"5af6fdc\" data-element_type=\"column\">\n\t\t\t<div class=\"elementor-widget-wrap elementor-element-populated\">\n\t\t\t\t\t\t<div class=\"elementor-element elementor-element-2546905 elementor-widget elementor-widget-text-editor\" data-id=\"2546905\" data-element_type=\"widget\" data-settings=\"{&quot;ekit_we_effect_on&quot;:&quot;none&quot;}\" data-widget_type=\"text-editor.default\">\n\t\t\t\t<div class=\"elementor-widget-container\">\n\t\t\t\t\t\t\t\t\t<p>Yara De\u011ferlendirmesi<\/p><p>Kozmetik sonu\u00e7lar\u0131n de\u011ferlendirilmesi, kullan\u0131lan cilt kapatma tipini bilmeyen 2 plastik cerrah taraf\u0131ndan operasyondan 3 ay sonra yap\u0131ld\u0131. Kozmetik g\u00f6r\u00fcn\u00fcm, ilk olarak 1990 y\u0131l\u0131nda Sullivan taraf\u0131ndan tan\u0131mlanan, yayg\u0131n olarak kabul g\u00f6ren bir yan\u0131k izi de\u011ferlendirme \u00f6l\u00e7e\u011fi olan Vancouver Skar Skalas\u0131 (VSS) kullan\u0131larak de\u011ferlendirildi. VSS, cerrahi skarlar i\u00e7in en s\u0131k kullan\u0131lan de\u011ferlendirme \u00f6l\u00e7e\u011fidir [9-11] ve d\u00f6rt taneden olu\u015fur vask\u00fclarite, pigmentasyon, esneklik ve y\u00fcksekli\u011fe dayal\u0131 kategoriler [12]. Toplam puan 0 ile 13 aras\u0131nda de\u011fi\u015fir, burada 0 puan\u0131 normal cildi yans\u0131t\u0131r (Tablo 1).<\/p>\t\t\t\t\t\t\t\t<\/div>\n\t\t\t\t<\/div>\n\t\t\t\t\t<\/div>\n\t\t<\/div>\n\t\t\t\t\t<\/div>\n\t\t<\/section>\n\t\t\t\t<section class=\"elementor-section elementor-top-section elementor-element elementor-element-4b78ba4 elementor-section-boxed elementor-section-height-default elementor-section-height-default\" data-id=\"4b78ba4\" data-element_type=\"section\" data-settings=\"{&quot;ekit_has_onepagescroll_dot&quot;:&quot;yes&quot;}\">\n\t\t\t\t\t\t<div class=\"elementor-container elementor-column-gap-default\">\n\t\t\t\t\t<div class=\"elementor-column elementor-col-100 elementor-top-column elementor-element elementor-element-2f9ef2d\" data-id=\"2f9ef2d\" data-element_type=\"column\">\n\t\t\t<div class=\"elementor-widget-wrap elementor-element-populated\">\n\t\t\t\t\t\t<div class=\"elementor-element elementor-element-b04340c elementor-widget elementor-widget-image\" data-id=\"b04340c\" data-element_type=\"widget\" data-settings=\"{&quot;ekit_we_effect_on&quot;:&quot;none&quot;}\" data-widget_type=\"image.default\">\n\t\t\t\t<div class=\"elementor-widget-container\">\n\t\t\t\t\t\t\t\t\t\t\t\t\t\t\t<img loading=\"lazy\" decoding=\"async\" width=\"696\" height=\"701\" src=\"https:\/\/longmed-medical.com\/wp-content\/uploads\/2023\/07\/Table-1-Categories-and-Scores-of-the-Vancouver-Scar-Scale.jpg\" class=\"attachment-large size-large wp-image-748\" alt=\"Tablo 1 Vancouver Yara Skalas\u0131 Kategorileri ve Puanlar\u0131\" srcset=\"https:\/\/longmed-medical.com\/wp-content\/uploads\/2023\/07\/Table-1-Categories-and-Scores-of-the-Vancouver-Scar-Scale.jpg 696w, https:\/\/longmed-medical.com\/wp-content\/uploads\/2023\/07\/Table-1-Categories-and-Scores-of-the-Vancouver-Scar-Scale-298x300.jpg 298w, https:\/\/longmed-medical.com\/wp-content\/uploads\/2023\/07\/Table-1-Categories-and-Scores-of-the-Vancouver-Scar-Scale-150x150.jpg 150w, https:\/\/longmed-medical.com\/wp-content\/uploads\/2023\/07\/Table-1-Categories-and-Scores-of-the-Vancouver-Scar-Scale-12x12.jpg 12w\" sizes=\"(max-width: 696px) 100vw, 696px\" \/>\t\t\t\t\t\t\t\t\t\t\t\t\t\t\t<\/div>\n\t\t\t\t<\/div>\n\t\t\t\t\t<\/div>\n\t\t<\/div>\n\t\t\t\t\t<\/div>\n\t\t<\/section>\n\t\t\t\t<section class=\"elementor-section elementor-top-section elementor-element elementor-element-240f2b3 elementor-section-boxed elementor-section-height-default elementor-section-height-default\" data-id=\"240f2b3\" data-element_type=\"section\" data-settings=\"{&quot;ekit_has_onepagescroll_dot&quot;:&quot;yes&quot;}\">\n\t\t\t\t\t\t<div class=\"elementor-container elementor-column-gap-default\">\n\t\t\t\t\t<div class=\"elementor-column elementor-col-100 elementor-top-column elementor-element elementor-element-03eae20\" data-id=\"03eae20\" data-element_type=\"column\">\n\t\t\t<div class=\"elementor-widget-wrap elementor-element-populated\">\n\t\t\t\t\t\t<div class=\"elementor-element elementor-element-f93b40d elementor-widget elementor-widget-text-editor\" data-id=\"f93b40d\" data-element_type=\"widget\" data-settings=\"{&quot;ekit_we_effect_on&quot;:&quot;none&quot;}\" data-widget_type=\"text-editor.default\">\n\t\t\t\t<div class=\"elementor-widget-container\">\n\t\t\t\t\t\t\t\t\t<p>\u0130statistiksel Y\u00f6ntemler<\/p><p>StatView 5.0 yaz\u0131l\u0131m\u0131 (SAS Institute Inc, Cary, NC) ve Excel 2013 (Microsoft Corp, Redmond, WA) kullan\u0131ld\u0131.\u00a0<span style=\"font-family: var( --e-global-typography-text-font-family ), Sans-serif; font-weight: var( --e-global-typography-text-font-weight );\">veri analizi. Sonu\u00e7lar, niceliksel de\u011fi\u015fkenler i\u00e7in aral\u0131klarda 95% g\u00fcven ile ortalama SD veya medyan ve \u00e7eyrekler aras\u0131 aral\u0131k olarak sunulur ve kategorik de\u011fi\u015fkenler mutlak frekanslar ve ya\u015f y\u00fczdeleri ile \u00f6zetlenir. S\u00fcrekli de\u011fi\u015fkenler \u00f6\u011frenci testi ve Mann-Whitney U testi kullan\u0131larak kar\u015f\u0131la\u015ft\u0131r\u0131ld\u0131. Kategorik de\u011fi\u015fkenler, beklenen frekanslar 5&#039;ten k\u00fc\u00e7\u00fck oldu\u011funda Pearson X\u00b2 testi veya Fisher kesin testi kullan\u0131larak kar\u015f\u0131la\u015ft\u0131r\u0131ld\u0131. P de\u011ferlerinin 0,05 veya alt\u0131nda olmas\u0131 istatistiksel olarak anlaml\u0131 kabul edildi.<\/span><\/p><p>\u00a0<\/p><p><span style=\"font-family: var( --e-global-typography-text-font-family ), Sans-serif; font-weight: var( --e-global-typography-text-font-weight );\">Sonu\u00e7lar<\/span><\/p><p>FO grubunda 136 hasta (Kapatma grubu: 71 hasta; diki\u015f grubu: 65 hasta) ve RO grubunda 78 hasta (Kapatma grubu: 42 hasta; diki\u015f grubu: 36 hasta) vard\u0131. Poliklinik b\u00f6l\u00fcm\u00fcm\u00fcz 3&#039;ten fazla hastay\u0131 takip etti. kalp ameliyat\u0131ndan aylar sonra. Demografik verilerin ve klinik \u00f6zelliklerin analizi, hi\u00e7bir\u00a0<span style=\"font-family: var( --e-global-typography-text-font-family ), Sans-serif; font-weight: var( --e-global-typography-text-font-weight );\">grup ve s\u00fct\u00fcr grubu aras\u0131nda anlaml\u0131 farklar (Tablo 2). Ayr\u0131ca \u00f6nemli bir fark yoktu\u00a0<\/span><span style=\"font-family: var( --e-global-typography-text-font-family ), Sans-serif; font-weight: var( --e-global-typography-text-font-weight );\">ameliyat \u00f6ncesi RO grubundaki toplam ortalama VSS skorlar\u0131nda (Kapan\u0131\u015f: VSS 3,2 1,2; s\u00fct\u00fcr:VSS 3,3 1,3; p = 0,57). Ortalama ya\u015f ve v\u00fccut a\u011f\u0131rl\u0131\u011f\u0131 RO grubunda FO grubuna g\u00f6re daha y\u00fcksekti ve ortalama toplam ameliyat s\u00fcresi RO grubunda anlaml\u0131 olmamakla birlikte daha uzundu.<\/span><\/p><p>\u00a0<\/p>\t\t\t\t\t\t\t\t<\/div>\n\t\t\t\t<\/div>\n\t\t\t\t\t<\/div>\n\t\t<\/div>\n\t\t\t\t\t<\/div>\n\t\t<\/section>\n\t\t\t\t<section class=\"elementor-section elementor-top-section elementor-element elementor-element-5ae7c5c elementor-section-boxed elementor-section-height-default elementor-section-height-default\" data-id=\"5ae7c5c\" data-element_type=\"section\" data-settings=\"{&quot;ekit_has_onepagescroll_dot&quot;:&quot;yes&quot;}\">\n\t\t\t\t\t\t<div class=\"elementor-container elementor-column-gap-default\">\n\t\t\t\t\t<div class=\"elementor-column elementor-col-100 elementor-top-column elementor-element elementor-element-76403dc\" data-id=\"76403dc\" data-element_type=\"column\">\n\t\t\t<div class=\"elementor-widget-wrap elementor-element-populated\">\n\t\t\t\t\t\t<div class=\"elementor-element elementor-element-05eaff3 elementor-widget elementor-widget-text-editor\" data-id=\"05eaff3\" data-element_type=\"widget\" data-settings=\"{&quot;ekit_we_effect_on&quot;:&quot;none&quot;}\" data-widget_type=\"text-editor.default\">\n\t\t\t\t<div class=\"elementor-widget-container\">\n\t\t\t\t\t\t\t\t\t<p>Kozmetik G\u00f6r\u00fcn\u00fcm<\/p><p>Kozmetik g\u00f6r\u00fcn\u00fcm ameliyattan 3 ay sonra VSS ile de\u011ferlendirildi (\u015eekil 3). FO grubunda Kapatma grubunun VSS&#039;si t\u00fcm VSS de\u011fi\u015fkenleri i\u00e7in s\u00fct\u00fcr grubuna g\u00f6re anlaml\u0131 derecede d\u00fc\u015f\u00fckt\u00fc (Tablo 3). RO grubunda vask\u00fclarite, pigmentasyon ve toplam VSS skoru Kapatma grubunda s\u00fct\u00fcr grubuna g\u00f6re anlaml\u0131 olarak daha d\u00fc\u015f\u00fckt\u00fc. Ayr\u0131ca trizomi 21 hastalar\u0131nda total VSS skoru Kapatma grubunda s\u00fct\u00fcr grubuna g\u00f6re anlaml\u0131 olarak daha d\u00fc\u015f\u00fckt\u00fc (Tablo4). Ayr\u0131ca bebeklerde total VSS skoru Kapatma grubunda s\u00fct\u00fcr grubuna g\u00f6re anlaml\u0131 olarak daha d\u00fc\u015f\u00fckt\u00fc (Tablo 4). 5). Benzer \u015fekilde, yenido\u011fanlarda Kapatma grubunun toplam VSS skoru, s\u00fct\u00fcr grubundan \u00f6nemli \u00f6l\u00e7\u00fcde daha d\u00fc\u015f\u00fckt\u00fc (3,0 \u00b1 2,0 - 5,2 \u00b7 2,3, p &lt; 0,017). 2 cerrah aras\u0131nda yara kapatma (p= 0.96) ve s\u00fct\u00fcr (p= 0.79) i\u00e7in VSS skorlar\u0131nda anlaml\u0131 fark yoktu.<\/p><p>\u00a0<\/p><p>Yara Kapatma Cihaz\u0131 Cilt Kapanma S\u00fcresi<\/p><p>Kapatma grubu ile s\u00fct\u00fcr grubu aras\u0131ndaki toplam ameliyat s\u00fcresi fark\u0131 (340,3 127,1 dakika vs 328,2 120,7 dakika) anlaml\u0131 de\u011fildi (p= 0,70). Ancak, kapatma grubundaki cilt kapatma s\u00fcresi anlaml\u0131 olarak daha k\u0131sayd\u0131. s\u00fct\u00fcr grubu (113,0 9,1 saniye vs 375,9 60,2 saniye, p &lt;0,001; \u015eekil 4). Medyan cilt kapatma s\u00fcreleri Kapatma grubunda 113 saniye (98-135 saniye) ve s\u00fct\u00fcr grubunda 389 saniye (256-470 saniye) idi.<\/p>\t\t\t\t\t\t\t\t<\/div>\n\t\t\t\t<\/div>\n\t\t\t\t\t<\/div>\n\t\t<\/div>\n\t\t\t\t\t<\/div>\n\t\t<\/section>\n\t\t\t\t<section class=\"elementor-section elementor-top-section elementor-element elementor-element-5ffb883 elementor-section-boxed elementor-section-height-default elementor-section-height-default\" data-id=\"5ffb883\" data-element_type=\"section\" data-settings=\"{&quot;ekit_has_onepagescroll_dot&quot;:&quot;yes&quot;}\">\n\t\t\t\t\t\t<div class=\"elementor-container elementor-column-gap-default\">\n\t\t\t\t\t<div class=\"elementor-column elementor-col-100 elementor-top-column elementor-element elementor-element-a03f56c\" data-id=\"a03f56c\" data-element_type=\"column\">\n\t\t\t<div class=\"elementor-widget-wrap elementor-element-populated\">\n\t\t\t\t\t\t<div class=\"elementor-element elementor-element-f405e6e elementor-widget elementor-widget-image\" data-id=\"f405e6e\" data-element_type=\"widget\" data-settings=\"{&quot;ekit_we_effect_on&quot;:&quot;none&quot;}\" data-widget_type=\"image.default\">\n\t\t\t\t<div class=\"elementor-widget-container\">\n\t\t\t\t\t\t\t\t\t\t\t\t\t\t\t<img loading=\"lazy\" decoding=\"async\" width=\"1024\" height=\"455\" src=\"https:\/\/longmed-medical.com\/wp-content\/uploads\/2023\/07\/Table-2-Patient-Demographics-and-Clinical-Characteristics-1024x455.jpg\" class=\"attachment-large size-large wp-image-749\" alt=\"Tablo 2 Hasta Demografisi ve Klinik \u00d6zellikleri\" srcset=\"https:\/\/longmed-medical.com\/wp-content\/uploads\/2023\/07\/Table-2-Patient-Demographics-and-Clinical-Characteristics-1024x455.jpg 1024w, https:\/\/longmed-medical.com\/wp-content\/uploads\/2023\/07\/Table-2-Patient-Demographics-and-Clinical-Characteristics-300x133.jpg 300w, https:\/\/longmed-medical.com\/wp-content\/uploads\/2023\/07\/Table-2-Patient-Demographics-and-Clinical-Characteristics-768x341.jpg 768w, https:\/\/longmed-medical.com\/wp-content\/uploads\/2023\/07\/Table-2-Patient-Demographics-and-Clinical-Characteristics-18x8.jpg 18w, https:\/\/longmed-medical.com\/wp-content\/uploads\/2023\/07\/Table-2-Patient-Demographics-and-Clinical-Characteristics.jpg 1422w\" sizes=\"(max-width: 1024px) 100vw, 1024px\" \/>\t\t\t\t\t\t\t\t\t\t\t\t\t\t\t<\/div>\n\t\t\t\t<\/div>\n\t\t\t\t\t<\/div>\n\t\t<\/div>\n\t\t\t\t\t<\/div>\n\t\t<\/section>\n\t\t\t\t<section class=\"elementor-section elementor-top-section elementor-element elementor-element-997f49f elementor-section-boxed elementor-section-height-default elementor-section-height-default\" data-id=\"997f49f\" data-element_type=\"section\" data-settings=\"{&quot;ekit_has_onepagescroll_dot&quot;:&quot;yes&quot;}\">\n\t\t\t\t\t\t<div class=\"elementor-container elementor-column-gap-default\">\n\t\t\t\t\t<div class=\"elementor-column elementor-col-100 elementor-top-column elementor-element elementor-element-62119ee\" data-id=\"62119ee\" data-element_type=\"column\">\n\t\t\t<div class=\"elementor-widget-wrap elementor-element-populated\">\n\t\t\t\t\t\t<div class=\"elementor-element elementor-element-f72096e elementor-widget elementor-widget-text-editor\" data-id=\"f72096e\" data-element_type=\"widget\" data-settings=\"{&quot;ekit_we_effect_on&quot;:&quot;none&quot;}\" data-widget_type=\"text-editor.default\">\n\t\t\t\t<div class=\"elementor-widget-container\">\n\t\t\t\t\t\t\t\t\t<p>Komplikasyonlar ve Fiziksel Bulgular<\/p><p>Komplikasyon oran\u0131 Kapatma grubu (n= 113) ile s\u00fct\u00fcr grubu (n= 101) aras\u0131nda kar\u015f\u0131la\u015ft\u0131r\u0131ld\u0131. Kapatma grubunda 1 hastada, s\u00fct\u00fcr grubunda 2 hastada cerrahi yara enfeksiyonu geli\u015fti. Kapatma grubu ile s\u00fct\u00fcr grubu aras\u0131nda cerrahi enfeksiyon oran\u0131 anlaml\u0131 olarak farkl\u0131 de\u011fildi (0.9%&#039;ye kar\u015f\u0131 2.0%, p= 0.50). \u00dc\u00e7 hastada ciddi olmayan cerrahi alan enfeksiyonu vard\u0131 ve bunlar antibiyotik ve tuzlu suyla y\u0131kama ile d\u00fczeldi. Kapatma grubunda 2 hastada, s\u00fct\u00fcr grubunda 3 hastada cerrahi yara a\u00e7\u0131lmas\u0131 meydana geldi. \u0130ki grup aras\u0131nda cerrahi yara ayr\u0131lmas\u0131nda anlaml\u0131 bir fark yoktu (1.8%&#039;ye kar\u015f\u0131 3.0%, p = 0.56). Yara ayr\u0131lmas\u0131 meydana gelen t\u00fcm hastalar yenido\u011fan veya trizomi 21&#039;li idi. Kapatma cihaz\u0131na \u00f6zg\u00fc meydana gelen komplikasyonlar aras\u0131nda ciltte renk de\u011fi\u015fikli\u011fi (0.9%), epidermolizis (0.9%) ve cihaz\u0131n pul pul d\u00f6k\u00fclmesi (1.8%) vard\u0131. Yap\u0131\u015fkan band\u0131n patlamas\u0131 nedeniyle renk de\u011fi\u015fikli\u011fi meydana geldi ve bu, steroid merhem uygulanmas\u0131yla d\u00fczeldi. Epidermoliz ayr\u0131ca merhem ile tedavi edildi. Cihazlar\u0131 soyulan hastalara yeni cihazlar yap\u0131\u015ft\u0131r\u0131ld\u0131.<\/p><p>Ancak, cihazlara alerji veya hasar gibi ciddi bir komplikasyon geli\u015fmedi. Bebekleri de i\u00e7eren pediatrik hastalar\u0131m\u0131z bu semptomlardan \u015fikayet\u00e7i olamad\u0131\u011f\u0131ndan ka\u015f\u0131nt\u0131 veya a\u011fr\u0131y\u0131 de\u011ferlendiremedik.<\/p><p>Bununla birlikte, yara kapatma cihaz\u0131n\u0131n veya diki\u015flerin al\u0131nmas\u0131 s\u0131ras\u0131nda, Diki\u015f grubuna k\u0131yasla Kapatma grubunda \u00f6nemli \u00f6l\u00e7\u00fcde daha az hasta a\u011flad\u0131 veya \u015fikayet etti (7,1% vs 52,5%, p &lt; 0,001).<\/p>\t\t\t\t\t\t\t\t<\/div>\n\t\t\t\t<\/div>\n\t\t\t\t\t<\/div>\n\t\t<\/div>\n\t\t\t\t\t<\/div>\n\t\t<\/section>\n\t\t\t\t<section class=\"elementor-section elementor-top-section elementor-element elementor-element-c8b183a elementor-section-boxed elementor-section-height-default elementor-section-height-default\" data-id=\"c8b183a\" data-element_type=\"section\" data-settings=\"{&quot;ekit_has_onepagescroll_dot&quot;:&quot;yes&quot;}\">\n\t\t\t\t\t\t<div class=\"elementor-container elementor-column-gap-default\">\n\t\t\t\t\t<div class=\"elementor-column elementor-col-100 elementor-top-column elementor-element elementor-element-bbb2370\" data-id=\"bbb2370\" data-element_type=\"column\">\n\t\t\t<div class=\"elementor-widget-wrap elementor-element-populated\">\n\t\t\t\t\t\t<div class=\"elementor-element elementor-element-2351ee4 elementor-widget elementor-widget-image\" data-id=\"2351ee4\" data-element_type=\"widget\" data-settings=\"{&quot;ekit_we_effect_on&quot;:&quot;none&quot;}\" data-widget_type=\"image.default\">\n\t\t\t\t<div class=\"elementor-widget-container\">\n\t\t\t\t\t\t\t\t\t\t\t\t\t\t\t<img loading=\"lazy\" decoding=\"async\" width=\"657\" height=\"778\" src=\"https:\/\/longmed-medical.com\/wp-content\/uploads\/2023\/07\/Longmed-Wound-Closure-Device.jpg\" class=\"attachment-large size-large wp-image-750\" alt=\"Longmed Yara Kapatma Cihaz\u0131\" srcset=\"https:\/\/longmed-medical.com\/wp-content\/uploads\/2023\/07\/Longmed-Wound-Closure-Device.jpg 657w, https:\/\/longmed-medical.com\/wp-content\/uploads\/2023\/07\/Longmed-Wound-Closure-Device-253x300.jpg 253w, https:\/\/longmed-medical.com\/wp-content\/uploads\/2023\/07\/Longmed-Wound-Closure-Device-10x12.jpg 10w\" sizes=\"(max-width: 657px) 100vw, 657px\" \/>\t\t\t\t\t\t\t\t\t\t\t\t\t\t\t<\/div>\n\t\t\t\t<\/div>\n\t\t\t\t\t<\/div>\n\t\t<\/div>\n\t\t\t\t\t<\/div>\n\t\t<\/section>\n\t\t\t\t<section class=\"elementor-section elementor-top-section elementor-element elementor-element-092d671 elementor-section-boxed elementor-section-height-default elementor-section-height-default\" data-id=\"092d671\" data-element_type=\"section\" data-settings=\"{&quot;ekit_has_onepagescroll_dot&quot;:&quot;yes&quot;}\">\n\t\t\t\t\t\t<div class=\"elementor-container elementor-column-gap-default\">\n\t\t\t\t\t<div class=\"elementor-column elementor-col-100 elementor-top-column elementor-element elementor-element-55e9c8a\" data-id=\"55e9c8a\" data-element_type=\"column\">\n\t\t\t<div class=\"elementor-widget-wrap elementor-element-populated\">\n\t\t\t\t\t\t<div class=\"elementor-element elementor-element-8a57c86 elementor-widget elementor-widget-image\" data-id=\"8a57c86\" data-element_type=\"widget\" data-settings=\"{&quot;ekit_we_effect_on&quot;:&quot;none&quot;}\" data-widget_type=\"image.default\">\n\t\t\t\t<div class=\"elementor-widget-container\">\n\t\t\t\t\t\t\t\t\t\t\t\t\t\t\t<img loading=\"lazy\" decoding=\"async\" width=\"1024\" height=\"291\" src=\"https:\/\/longmed-medical.com\/wp-content\/uploads\/2023\/07\/Table-3.-Cosmetic-Appearance-Outcomes-Based-on-the-Vancouver-Scar-Scale-1024x291.jpg\" class=\"attachment-large size-large wp-image-751\" alt=\"Tablo 3. Vancouver Skar \u00d6l\u00e7e\u011fine G\u00f6re Kozmetik G\u00f6r\u00fcn\u00fcm Sonu\u00e7lar\u0131\" srcset=\"https:\/\/longmed-medical.com\/wp-content\/uploads\/2023\/07\/Table-3.-Cosmetic-Appearance-Outcomes-Based-on-the-Vancouver-Scar-Scale-1024x291.jpg 1024w, https:\/\/longmed-medical.com\/wp-content\/uploads\/2023\/07\/Table-3.-Cosmetic-Appearance-Outcomes-Based-on-the-Vancouver-Scar-Scale-300x85.jpg 300w, https:\/\/longmed-medical.com\/wp-content\/uploads\/2023\/07\/Table-3.-Cosmetic-Appearance-Outcomes-Based-on-the-Vancouver-Scar-Scale-768x218.jpg 768w, https:\/\/longmed-medical.com\/wp-content\/uploads\/2023\/07\/Table-3.-Cosmetic-Appearance-Outcomes-Based-on-the-Vancouver-Scar-Scale-18x5.jpg 18w, https:\/\/longmed-medical.com\/wp-content\/uploads\/2023\/07\/Table-3.-Cosmetic-Appearance-Outcomes-Based-on-the-Vancouver-Scar-Scale.jpg 1359w\" sizes=\"(max-width: 1024px) 100vw, 1024px\" \/>\t\t\t\t\t\t\t\t\t\t\t\t\t\t\t<\/div>\n\t\t\t\t<\/div>\n\t\t\t\t\t<\/div>\n\t\t<\/div>\n\t\t\t\t\t<\/div>\n\t\t<\/section>\n\t\t\t\t<section class=\"elementor-section elementor-top-section elementor-element elementor-element-05bddf9 elementor-section-boxed elementor-section-height-default elementor-section-height-default\" data-id=\"05bddf9\" data-element_type=\"section\" data-settings=\"{&quot;ekit_has_onepagescroll_dot&quot;:&quot;yes&quot;}\">\n\t\t\t\t\t\t<div class=\"elementor-container elementor-column-gap-default\">\n\t\t\t\t\t<div class=\"elementor-column elementor-col-100 elementor-top-column elementor-element elementor-element-16c8c2a\" data-id=\"16c8c2a\" data-element_type=\"column\">\n\t\t\t<div class=\"elementor-widget-wrap elementor-element-populated\">\n\t\t\t\t\t\t<div class=\"elementor-element elementor-element-a61889e elementor-widget elementor-widget-image\" data-id=\"a61889e\" data-element_type=\"widget\" data-settings=\"{&quot;ekit_we_effect_on&quot;:&quot;none&quot;}\" data-widget_type=\"image.default\">\n\t\t\t\t<div class=\"elementor-widget-container\">\n\t\t\t\t\t\t\t\t\t\t\t\t\t\t\t<img loading=\"lazy\" decoding=\"async\" width=\"1024\" height=\"276\" src=\"https:\/\/longmed-medical.com\/wp-content\/uploads\/2023\/07\/Table-4.-Cosmetic-Appearance-Outcomes-in-Patients-With-Trisomy-21-Based-on-the-Vancouver-Scar-Scale-1024x276.jpg\" class=\"attachment-large size-large wp-image-752\" alt=\"Tablo 4. Trizomi 21 Hastalar\u0131nda Vancouver Skar \u00d6l\u00e7e\u011fine G\u00f6re Kozmetik G\u00f6r\u00fcn\u00fcm Sonu\u00e7lar\u0131\" srcset=\"https:\/\/longmed-medical.com\/wp-content\/uploads\/2023\/07\/Table-4.-Cosmetic-Appearance-Outcomes-in-Patients-With-Trisomy-21-Based-on-the-Vancouver-Scar-Scale-1024x276.jpg 1024w, https:\/\/longmed-medical.com\/wp-content\/uploads\/2023\/07\/Table-4.-Cosmetic-Appearance-Outcomes-in-Patients-With-Trisomy-21-Based-on-the-Vancouver-Scar-Scale-300x81.jpg 300w, https:\/\/longmed-medical.com\/wp-content\/uploads\/2023\/07\/Table-4.-Cosmetic-Appearance-Outcomes-in-Patients-With-Trisomy-21-Based-on-the-Vancouver-Scar-Scale-768x207.jpg 768w, https:\/\/longmed-medical.com\/wp-content\/uploads\/2023\/07\/Table-4.-Cosmetic-Appearance-Outcomes-in-Patients-With-Trisomy-21-Based-on-the-Vancouver-Scar-Scale-18x5.jpg 18w, https:\/\/longmed-medical.com\/wp-content\/uploads\/2023\/07\/Table-4.-Cosmetic-Appearance-Outcomes-in-Patients-With-Trisomy-21-Based-on-the-Vancouver-Scar-Scale.jpg 1339w\" sizes=\"(max-width: 1024px) 100vw, 1024px\" \/>\t\t\t\t\t\t\t\t\t\t\t\t\t\t\t<\/div>\n\t\t\t\t<\/div>\n\t\t\t\t\t<\/div>\n\t\t<\/div>\n\t\t\t\t\t<\/div>\n\t\t<\/section>\n\t\t\t\t<section class=\"elementor-section elementor-top-section elementor-element elementor-element-86baf94 elementor-section-boxed elementor-section-height-default elementor-section-height-default\" data-id=\"86baf94\" data-element_type=\"section\" data-settings=\"{&quot;ekit_has_onepagescroll_dot&quot;:&quot;yes&quot;}\">\n\t\t\t\t\t\t<div class=\"elementor-container elementor-column-gap-default\">\n\t\t\t\t\t<div class=\"elementor-column elementor-col-100 elementor-top-column elementor-element elementor-element-196832d\" data-id=\"196832d\" data-element_type=\"column\">\n\t\t\t<div class=\"elementor-widget-wrap elementor-element-populated\">\n\t\t\t\t\t\t<div class=\"elementor-element elementor-element-e6483fc elementor-widget elementor-widget-image\" data-id=\"e6483fc\" data-element_type=\"widget\" data-settings=\"{&quot;ekit_we_effect_on&quot;:&quot;none&quot;}\" data-widget_type=\"image.default\">\n\t\t\t\t<div class=\"elementor-widget-container\">\n\t\t\t\t\t\t\t\t\t\t\t\t\t\t\t<img loading=\"lazy\" decoding=\"async\" width=\"1024\" height=\"283\" src=\"https:\/\/longmed-medical.com\/wp-content\/uploads\/2023\/07\/Table-5-Cosmetic-Appearance-Outcomes-in-Infants-Based-on-the-Vancouver-Scar-Scale-1024x283.jpg\" class=\"attachment-large size-large wp-image-765\" alt=\"Tablo 5 Bebeklerde Vancouver Skar \u00d6l\u00e7e\u011fine G\u00f6re Kozmetik G\u00f6r\u00fcn\u00fcm Sonu\u00e7lar\u0131\" srcset=\"https:\/\/longmed-medical.com\/wp-content\/uploads\/2023\/07\/Table-5-Cosmetic-Appearance-Outcomes-in-Infants-Based-on-the-Vancouver-Scar-Scale-1024x283.jpg 1024w, https:\/\/longmed-medical.com\/wp-content\/uploads\/2023\/07\/Table-5-Cosmetic-Appearance-Outcomes-in-Infants-Based-on-the-Vancouver-Scar-Scale-300x83.jpg 300w, https:\/\/longmed-medical.com\/wp-content\/uploads\/2023\/07\/Table-5-Cosmetic-Appearance-Outcomes-in-Infants-Based-on-the-Vancouver-Scar-Scale-768x212.jpg 768w, https:\/\/longmed-medical.com\/wp-content\/uploads\/2023\/07\/Table-5-Cosmetic-Appearance-Outcomes-in-Infants-Based-on-the-Vancouver-Scar-Scale-18x5.jpg 18w, https:\/\/longmed-medical.com\/wp-content\/uploads\/2023\/07\/Table-5-Cosmetic-Appearance-Outcomes-in-Infants-Based-on-the-Vancouver-Scar-Scale.jpg 1352w\" sizes=\"(max-width: 1024px) 100vw, 1024px\" \/>\t\t\t\t\t\t\t\t\t\t\t\t\t\t\t<\/div>\n\t\t\t\t<\/div>\n\t\t\t\t\t<\/div>\n\t\t<\/div>\n\t\t\t\t\t<\/div>\n\t\t<\/section>\n\t\t\t\t<section class=\"elementor-section elementor-top-section elementor-element elementor-element-624ab50 elementor-section-boxed elementor-section-height-default elementor-section-height-default\" data-id=\"624ab50\" data-element_type=\"section\" data-settings=\"{&quot;ekit_has_onepagescroll_dot&quot;:&quot;yes&quot;}\">\n\t\t\t\t\t\t<div class=\"elementor-container elementor-column-gap-default\">\n\t\t\t\t\t<div class=\"elementor-column elementor-col-100 elementor-top-column elementor-element elementor-element-ef78703\" data-id=\"ef78703\" data-element_type=\"column\">\n\t\t\t<div class=\"elementor-widget-wrap elementor-element-populated\">\n\t\t\t\t\t\t<div class=\"elementor-element elementor-element-0be64cd elementor-widget elementor-widget-image\" data-id=\"0be64cd\" data-element_type=\"widget\" data-settings=\"{&quot;ekit_we_effect_on&quot;:&quot;none&quot;}\" data-widget_type=\"image.default\">\n\t\t\t\t<div class=\"elementor-widget-container\">\n\t\t\t\t\t\t\t\t\t\t\t\t\t\t\t<img loading=\"lazy\" decoding=\"async\" width=\"676\" height=\"815\" src=\"https:\/\/longmed-medical.com\/wp-content\/uploads\/2023\/07\/Wound-Closure-Time.jpg\" class=\"attachment-large size-large wp-image-767\" alt=\"Yara Kapanma S\u00fcresi\" srcset=\"https:\/\/longmed-medical.com\/wp-content\/uploads\/2023\/07\/Wound-Closure-Time.jpg 676w, https:\/\/longmed-medical.com\/wp-content\/uploads\/2023\/07\/Wound-Closure-Time-249x300.jpg 249w, https:\/\/longmed-medical.com\/wp-content\/uploads\/2023\/07\/Wound-Closure-Time-10x12.jpg 10w\" sizes=\"(max-width: 676px) 100vw, 676px\" \/>\t\t\t\t\t\t\t\t\t\t\t\t\t\t\t<\/div>\n\t\t\t\t<\/div>\n\t\t\t\t\t<\/div>\n\t\t<\/div>\n\t\t\t\t\t<\/div>\n\t\t<\/section>\n\t\t\t\t<section class=\"elementor-section elementor-top-section elementor-element elementor-element-a8ad1f7 elementor-section-boxed elementor-section-height-default elementor-section-height-default\" data-id=\"a8ad1f7\" data-element_type=\"section\" data-settings=\"{&quot;ekit_has_onepagescroll_dot&quot;:&quot;yes&quot;}\">\n\t\t\t\t\t\t<div class=\"elementor-container elementor-column-gap-default\">\n\t\t\t\t\t<div class=\"elementor-column elementor-col-100 elementor-top-column elementor-element elementor-element-46ed4a8\" data-id=\"46ed4a8\" data-element_type=\"column\">\n\t\t\t<div class=\"elementor-widget-wrap elementor-element-populated\">\n\t\t\t\t\t\t<div class=\"elementor-element elementor-element-a794e1c elementor-widget elementor-widget-text-editor\" data-id=\"a794e1c\" data-element_type=\"widget\" data-settings=\"{&quot;ekit_we_effect_on&quot;:&quot;none&quot;}\" data-widget_type=\"text-editor.default\">\n\t\t\t\t<div class=\"elementor-widget-container\">\n\t\t\t\t\t\t\t\t\t<p>Yorum<br \/>Bu \u00e7al\u0131\u015fma, kalp ameliyat\u0131 ge\u00e7iren pediatrik hastalarda yara kapatma cihaz\u0131n\u0131n ilk randomize kontroll\u00fc \u00e7al\u0131\u015fmas\u0131d\u0131r. Yara kapatma cihaz\u0131yla ilgili baz\u0131 yeni vaka raporlar\u0131 sunulmas\u0131na ra\u011fmen, hi\u00e7biri median sternotomi ile kardiyak operasyon bildirmedi [7, 8]. Ayr\u0131ca, pediatrik hastalardaki faydalar veya komplikasyon riskleri bilinmemektedir. \u00c7al\u0131\u015fmam\u0131zda medyan sternotomi ile kalp ameliyat\u0131 ge\u00e7irmi\u015f \u00e7ocuk hastalar\u0131 de\u011ferlendirdik. Sonu\u00e7lar\u0131m\u0131z, diki\u015f grubuna k\u0131yasla Kapatma grubunda \u00f6nemli \u00f6l\u00e7\u00fcde daha iyi bir sonu\u00e7 g\u00f6sterdi. Elektrokoter kullan\u0131m\u0131, enfeksiyon, yakla\u015f\u0131m ve diki\u015f materyali gibi cerrahi yaralar\u0131n kozmetik g\u00f6r\u00fcn\u00fcm\u00fcn\u00fc etkileyen bir dizi fakt\u00f6r g\u00f6z \u00f6n\u00fcne al\u0131nd\u0131\u011f\u0131nda [13-15] , tutarl\u0131 bir cerrahi insizyonel yakla\u015f\u0131m ve s\u00fct\u00fcr materyali kulland\u0131k ve t\u00fcm hastalarda median sternotomi yapmak i\u00e7in elektrokoter kullan\u0131ld\u0131. Sonu\u00e7lar\u0131m\u0131z, yara kapatma cihaz\u0131n\u0131n, ister ilk ameliyat, ister tekrar ameliyat olsun, kozmetik yararlar\u0131 oldu\u011funu g\u00f6sterdi. Pediatrik kalp cerrahisinde bir\u00e7ok hastada trizomi 21 vard\u0131r [16]. Ayr\u0131ca, kardiyak defektleri olan pediatrik hastalarda kalp ameliyatlar\u0131 s\u0131kl\u0131kla bebeklik d\u00f6neminde uygulanmaktad\u0131r [17, 18].<\/p>\t\t\t\t\t\t\t\t<\/div>\n\t\t\t\t<\/div>\n\t\t\t\t\t<\/div>\n\t\t<\/div>\n\t\t\t\t\t<\/div>\n\t\t<\/section>\n\t\t\t\t<section class=\"elementor-section elementor-top-section elementor-element elementor-element-48a8387 elementor-section-boxed elementor-section-height-default elementor-section-height-default\" data-id=\"48a8387\" data-element_type=\"section\" data-settings=\"{&quot;ekit_has_onepagescroll_dot&quot;:&quot;yes&quot;}\">\n\t\t\t\t\t\t<div class=\"elementor-container elementor-column-gap-default\">\n\t\t\t\t\t<div class=\"elementor-column elementor-col-100 elementor-top-column elementor-element elementor-element-67f0dfd\" data-id=\"67f0dfd\" data-element_type=\"column\">\n\t\t\t<div class=\"elementor-widget-wrap elementor-element-populated\">\n\t\t\t\t\t\t<div class=\"elementor-element elementor-element-9095ec5 elementor-widget elementor-widget-text-editor\" data-id=\"9095ec5\" data-element_type=\"widget\" data-settings=\"{&quot;ekit_we_effect_on&quot;:&quot;none&quot;}\" data-widget_type=\"text-editor.default\">\n\t\t\t\t<div class=\"elementor-widget-container\">\n\t\t\t\t\t\t\t\t\t<p>Bu \u00e7al\u0131\u015fman\u0131n sonu\u00e7lar\u0131na dayanarak, bu yara kapatma cihaz\u0131n\u0131n geni\u015f bir hasta yelpazesinde ba\u015far\u0131yla kullan\u0131labilece\u011fine inan\u0131yoruz.<br>Kapatma s\u00fcresi a\u00e7\u0131s\u0131ndan, yara kapatma cihaz\u0131 kullan\u0131larak kapat\u0131lan cerrahi yaralar, diki\u015f kullan\u0131larak kapat\u0131lan yaraya k\u0131yasla a\u00e7\u0131k\u00e7a m\u00fckemmel bir performansa sahipti. Benzer \u015fekilde, 2-oktilsiyanoakrilat yap\u0131\u015ft\u0131r\u0131c\u0131n\u0131n kullan\u0131m\u0131 da cerrahi yara kapanma s\u00fcresini azaltabilir [4, 19]. Bununla birlikte, medyan sternotomi i\u00e7in oktilsiyanoakrilat kullan\u0131ld\u0131\u011f\u0131na dair hi\u00e7bir rapor yoktur, bu da g\u00fcvenli\u011finin ve kapanma s\u00fcrelerinin yara kapatma cihaz\u0131yla kar\u015f\u0131la\u015ft\u0131r\u0131lmas\u0131n\u0131 zorla\u015ft\u0131r\u0131r. Bu \u00e7al\u0131\u015fmada,<br>Kapatma grubunda cilt kapatma s\u00fcresinin zamansal da\u011f\u0131l\u0131m\u0131 son derece k\u00fc\u00e7\u00fckt\u00fc, bu da bu cihaz\u0131n kullan\u0131m\u0131n\u0131n yaran\u0131n uzunlu\u011fundan veya farkl\u0131 cerrahlardan etkilenmedi\u011fi anlam\u0131na geliyor. Bu nedenle, yara ne kadar uzun olursa, o kadar b\u00fcy\u00fck nispi fayda beklenebilir.<br>Kapatma grubu ile s\u00fct\u00fcr grubu aras\u0131nda cerrahi yara enfeksiyonu oran\u0131 a\u00e7\u0131s\u0131ndan fark anlaml\u0131 olmasa da Kapatma grubunda daha az yara enfeksiyonu meydana geldi. Pediatrik kalp operasyonlar\u0131ndan sonra cerrahi alan enfeksiyonu insidans\u0131n\u0131n 2.3% ile 8% aras\u0131nda de\u011fi\u015fti\u011fi rapor edilmi\u015ftir [20-23]. Bu \u00e7al\u0131\u015fmada Kapatma grubunda ameliyat sonras\u0131 yara enfeksiyonu insidans\u0131 0,9% olarak hesaplanm\u0131\u015f olup, Kapatma grubunda epidermiste herhangi bir kal\u0131nt\u0131 olmad\u0131\u011f\u0131 g\u00f6z \u00f6n\u00fcne al\u0131nd\u0131\u011f\u0131nda bu son derece d\u00fc\u015f\u00fck bir enfeksiyon oran\u0131d\u0131r. Cerrahi yara enfeksiyonlar\u0131n\u0131 \u00f6nlemek i\u00e7in silikon jel kullan\u0131m\u0131 veya hipertrofik skarlar sunulmu\u015ftur [24-26]. Bununla birlikte, yara kapatma cihaz\u0131n\u0131n yara kapanma s\u00fcresini k\u0131saltma gibi ek bir faydas\u0131 vard\u0131r.<br>cerrahi yara enfeksiyonlar\u0131n\u0131 ve cerrahi izleri \u00f6nlemenin yan\u0131 s\u0131ra.<\/p>\t\t\t\t\t\t\t\t<\/div>\n\t\t\t\t<\/div>\n\t\t\t\t\t<\/div>\n\t\t<\/div>\n\t\t\t\t\t<\/div>\n\t\t<\/section>\n\t\t\t\t<section class=\"elementor-section elementor-top-section elementor-element elementor-element-1c67fc4 elementor-section-boxed elementor-section-height-default elementor-section-height-default\" data-id=\"1c67fc4\" data-element_type=\"section\" data-settings=\"{&quot;ekit_has_onepagescroll_dot&quot;:&quot;yes&quot;}\">\n\t\t\t\t\t\t<div class=\"elementor-container elementor-column-gap-default\">\n\t\t\t\t\t<div class=\"elementor-column elementor-col-100 elementor-top-column elementor-element elementor-element-ba26954\" data-id=\"ba26954\" data-element_type=\"column\">\n\t\t\t<div class=\"elementor-widget-wrap elementor-element-populated\">\n\t\t\t\t\t\t<div class=\"elementor-element elementor-element-678f67a elementor-widget elementor-widget-text-editor\" data-id=\"678f67a\" data-element_type=\"widget\" data-settings=\"{&quot;ekit_we_effect_on&quot;:&quot;none&quot;}\" data-widget_type=\"text-editor.default\">\n\t\t\t\t<div class=\"elementor-widget-container\">\n\t\t\t\t\t\t\t\t\t<p>Yara enfeksiyon oran\u0131na benzer \u015fekilde, Z grubundaki cerrahi yara ayr\u0131lma insidans oran\u0131, diki\u015f grubuna e\u015fit veya daha y\u00fcksekti. Bununla birlikte, yara kapatma cihaz\u0131, yaran\u0131n a\u00e7\u0131lmas\u0131 i\u00e7in daha fazla esnekli\u011fe sahiptir ve daha invazif de\u011fildir. Operasyondan 7 g\u00fcn sonra \u00e7al\u0131\u015fma tasar\u0131m\u0131na uygun olarak s\u00fct\u00fcr veya aparat\u0131 \u00e7\u0131kard\u0131k. Ancak yenido\u011fanlarda ve trizomi 21&#039;li hastalarda yaran\u0131n durumuna g\u00f6re cihaz\u0131n \u00e7\u0131kart\u0131lmas\u0131 gerekti\u011fini d\u00fc\u015f\u00fcn\u00fcyoruz \u00e7\u00fcnk\u00fc sadece bu hastalarda yara ayr\u0131\u015fmas\u0131 g\u00f6zlendi. Cihaza \u00f6zg\u00fc komplikasyonlar, hi\u00e7biri y\u00fcksek oranda meydana gelmemesine veya ciddi olmamas\u0131na ra\u011fmen, ciltte renk de\u011fi\u015fikli\u011fi, epidermoliz ve cihaz\u0131n pul pul d\u00f6k\u00fclmesini i\u00e7erir. Sonu\u00e7 olarak yara kapatma aparat\u0131n\u0131n g\u00fcvenle kullan\u0131labilece\u011fi kan\u0131s\u0131na vard\u0131k.<br \/>Yara kapatma aparat\u0131n\u0131n \u00fcst\u00fcn bir \u00f6zelli\u011fi, uzunlu\u011funu ve gerginli\u011fini ayarlayabilmesidir. Cihaz\u0131n boyu uygun noktadan kesilerek kolayca ayarlanabilir. Adapt\u00f6rl\u00fc strap-rock sistemi sayesinde cihaz\u0131n gerginli\u011fi s\u0131n\u0131rs\u0131z olarak ayarlanabilmektedir. \u00d6rne\u011fin operasyon sonras\u0131 olu\u015fan \u00f6demin veya yara iyile\u015fmesinin derecesine g\u00f6re cihaz\u0131n tansiyonu birden \u00e7ok kez ayarlanabilmektedir. Dahas\u0131, fermuarlar\u0131n ba\u011flant\u0131s\u0131 kesilerek yaran\u0131n iyile\u015fme derecesi do\u011frulanabilir. B\u00f6ylece cihaz diki\u015fe gerek kalmadan fermuar\u0131 tekrar sallayarak ayr\u0131lmay\u0131 kar\u015f\u0131layabilir.<\/p>\t\t\t\t\t\t\t\t<\/div>\n\t\t\t\t<\/div>\n\t\t\t\t\t<\/div>\n\t\t<\/div>\n\t\t\t\t\t<\/div>\n\t\t<\/section>\n\t\t\t\t<section class=\"elementor-section elementor-top-section elementor-element elementor-element-c5042ac elementor-section-boxed elementor-section-height-default elementor-section-height-default\" data-id=\"c5042ac\" data-element_type=\"section\" data-settings=\"{&quot;ekit_has_onepagescroll_dot&quot;:&quot;yes&quot;}\">\n\t\t\t\t\t\t<div class=\"elementor-container elementor-column-gap-default\">\n\t\t\t\t\t<div class=\"elementor-column elementor-col-100 elementor-top-column elementor-element elementor-element-fda1464\" data-id=\"fda1464\" data-element_type=\"column\">\n\t\t\t<div class=\"elementor-widget-wrap elementor-element-populated\">\n\t\t\t\t\t\t<div class=\"elementor-element elementor-element-1571392 elementor-widget elementor-widget-text-editor\" data-id=\"1571392\" data-element_type=\"widget\" data-settings=\"{&quot;ekit_we_effect_on&quot;:&quot;none&quot;}\" data-widget_type=\"text-editor.default\">\n\t\t\t\t<div class=\"elementor-widget-container\">\n\t\t\t\t\t\t\t\t\t<p>Bu \u00e7al\u0131\u015fman\u0131n sonu\u00e7lar\u0131ndan, yara kapatma cihaz\u0131 kullanman\u0131n en b\u00fcy\u00fck avantajlar\u0131n\u0131n iyi kozmetik g\u00f6r\u00fcn\u00fcm ve azalt\u0131lm\u0131\u015f kapatma s\u00fcresi oldu\u011funa inan\u0131yoruz. Ayr\u0131ca cihaz\u0131n g\u00fcvenli\u011fi deri alt\u0131 diki\u015fler kadar iyiydi. Bununla birlikte, yara kapatma cihaz\u0131n\u0131n ay\u0131rt edici bir \u00f6zelli\u011fi, \u00e7\u0131kar\u0131ld\u0131\u011f\u0131nda daha az a\u011fr\u0131l\u0131 olmas\u0131yd\u0131, bu da onu \u00f6zellikle pediatrik hastalar i\u00e7in faydal\u0131 k\u0131l\u0131yordu. Asl\u0131nda, diki\u015f grubuna k\u0131yasla Kapatma grubunda \u00f6nemli \u00f6l\u00e7\u00fcde daha az hasta, cihaz\u0131n veya diki\u015flerin \u00e7\u0131kar\u0131lmas\u0131 s\u0131ras\u0131nda a\u011fr\u0131 veya a\u011flama ya\u015fad\u0131. Tersine, yara kapatma cihaz\u0131n\u0131n maliyet performans\u0131 diki\u015fler kadar iyi de\u011fil. Yara kapatma cihaz\u0131n\u0131n maliyeti $85&#039;tir, bu da deri alt\u0131 s\u00fct\u00fcre g\u00f6re yakla\u015f\u0131k \u00fc\u00e7 kat daha fazlad\u0131r. Ancak kozmetik ve kapatma s\u00fcresi etkinli\u011fi a\u00e7\u0131s\u0131ndan bu cihaz\u0131n kullan\u0131lmaya de\u011fer oldu\u011funu d\u00fc\u015f\u00fcn\u00fcyoruz.<\/p><p>Bu \u00e7al\u0131\u015fman\u0131n birka\u00e7 s\u0131n\u0131rlamas\u0131 vard\u0131r. \u0130lk olarak bu \u00e7al\u0131\u015fma tek bir kurumda yap\u0131lm\u0131\u015ft\u0131r; bu nedenle, sonu\u00e7lar\u0131m\u0131z\u0131n genelle\u015ftirilmesi s\u0131n\u0131rl\u0131d\u0131r. Bununla birlikte, bu veriler \u00f6nemlidir \u00e7\u00fcnk\u00fc bu, yara kapama cihaz\u0131n\u0131n amedian sternotomi uygulanan pediyatrik hastalarda kullan\u0131m\u0131n\u0131 bildiren ilk prospektif randomize \u00e7al\u0131\u015fmad\u0131r.<\/p><p>\u0130kinci olarak, Down sendromlu hastalar\u0131n say\u0131s\u0131 nispeten azd\u0131r ve bu da cihaz\u0131n Down sendromlu pop\u00fclasyondaki etkinli\u011fini de\u011ferlendirmek i\u00e7in istatistiksel g\u00fcc\u00fcn yetersiz kalmas\u0131na neden olur.<\/p><p>\u00dc\u00e7\u00fcnc\u00fcs\u00fc, \u00e7al\u0131\u015fma, trizomi 21 d\u0131\u015f\u0131nda kromozomal anormalli\u011fi olan hastalar\u0131 ve gecikmi\u015f sternal kapanmas\u0131 olan hastalar\u0131 d\u0131\u015flad\u0131. Bu nedenle, bu pop\u00fclasyonlardaki sonu\u00e7lar\u0131 inceleyemedik. Alet ve teknikle ilgili olarak, emilmeyen polipropilen s\u00fct\u00fcrler kullan\u0131larak diki\u015flerin \u00e7\u0131kar\u0131lmas\u0131yla s\u00fcrekli subk\u00fctik\u00fcler diki\u015f nadir bir y\u00f6ntem olabilir. Son olarak, bu \u00e7al\u0131\u015fma pediatrik hastalarda randomize bir \u00e7al\u0131\u015fmayd\u0131 ve yeti\u015fkin hastalarda etkinli\u011fini incelemedik. Bu nedenle, cihaz\u0131n yeti\u015fkin pop\u00fclasyonda kullan\u0131m\u0131n\u0131 do\u011frulamak i\u00e7in yeti\u015fkin hastalarda prospektif, randomize bir klinik \u00e7al\u0131\u015fma gereklidir.<\/p>\t\t\t\t\t\t\t\t<\/div>\n\t\t\t\t<\/div>\n\t\t\t\t\t<\/div>\n\t\t<\/div>\n\t\t\t\t\t<\/div>\n\t\t<\/section>\n\t\t\t\t<section class=\"elementor-section elementor-top-section elementor-element elementor-element-e75ed4f elementor-section-boxed elementor-section-height-default elementor-section-height-default\" data-id=\"e75ed4f\" data-element_type=\"section\" data-settings=\"{&quot;ekit_has_onepagescroll_dot&quot;:&quot;yes&quot;}\">\n\t\t\t\t\t\t<div class=\"elementor-container elementor-column-gap-default\">\n\t\t\t\t\t<div class=\"elementor-column elementor-col-100 elementor-top-column elementor-element elementor-element-828da4b\" data-id=\"828da4b\" data-element_type=\"column\">\n\t\t\t<div class=\"elementor-widget-wrap elementor-element-populated\">\n\t\t\t\t\t\t<div class=\"elementor-element elementor-element-402519f elementor-widget elementor-widget-text-editor\" data-id=\"402519f\" data-element_type=\"widget\" data-settings=\"{&quot;ekit_we_effect_on&quot;:&quot;none&quot;}\" data-widget_type=\"text-editor.default\">\n\t\t\t\t<div class=\"elementor-widget-container\">\n\t\t\t\t\t\t\t\t\t<p>Sonu\u00e7 olarak bu, medyan sternotomi ile kalp ameliyat\u0131 ge\u00e7iren pediatrik hastalarda fermuarl\u0131 diki\u015f Longmed yara kapatma cihaz\u0131n\u0131n sonu\u00e7lar\u0131n\u0131 de\u011ferlendiren ilk randomize \u00e7al\u0131\u015fmad\u0131r. \u00c7al\u0131\u015fmam\u0131z, cihaz\u0131n kozmetik g\u00f6r\u00fcn\u00fcm\u00fc iyile\u015ftirmede ve cilt kapanma s\u00fcrelerini azaltmada m\u00fckemmel bir performansa sahip oldu\u011funu g\u00f6sterdi. Basit ve g\u00fcvenli bir \u015fekilde kullan\u0131labilen invaziv olmayan bir cihazd\u0131r ve daha az a\u011fr\u0131l\u0131 oldu\u011fu i\u00e7in pediatrik hastalar i\u00e7in uygun olabilir.<\/p>\t\t\t\t\t\t\t\t<\/div>\n\t\t\t\t<\/div>\n\t\t\t\t\t<\/div>\n\t\t<\/div>\n\t\t\t\t\t<\/div>\n\t\t<\/section>\n\t\t\t\t<section class=\"elementor-section elementor-top-section elementor-element elementor-element-56a5bc5 elementor-section-boxed elementor-section-height-default elementor-section-height-default\" data-id=\"56a5bc5\" data-element_type=\"section\" data-settings=\"{&quot;ekit_has_onepagescroll_dot&quot;:&quot;yes&quot;}\">\n\t\t\t\t\t\t<div class=\"elementor-container elementor-column-gap-default\">\n\t\t\t\t\t<div class=\"elementor-column elementor-col-100 elementor-top-column elementor-element elementor-element-909bc61\" data-id=\"909bc61\" data-element_type=\"column\">\n\t\t\t<div class=\"elementor-widget-wrap elementor-element-populated\">\n\t\t\t\t\t\t<div class=\"elementor-element elementor-element-4abce01 elementor-widget elementor-widget-text-editor\" data-id=\"4abce01\" data-element_type=\"widget\" data-settings=\"{&quot;ekit_we_effect_on&quot;:&quot;none&quot;}\" data-widget_type=\"text-editor.default\">\n\t\t\t\t<div class=\"elementor-widget-container\">\n\t\t\t\t\t\t\t\t\t<p>Referanslar<\/p><ol><li>Jina H, Simcock J. Median sternotomi skar de\u011ferlendirmesi. NZ Med J 2011;124:57\u201362.<\/li><li>Cotogni P, Barbero C, Rinaldi M. Kalp cerrahisi sonras\u0131 derin sternal yara enfeksiyonu: kan\u0131tlar ve tart\u0131\u015fmalar. World J Care Med 2015;4:265\u201373.<\/li><li>Lemaignen A, Birgand G, Ghodhbane W ve ark. Kalp cerrahisi sonras\u0131 sternal yara enfeksiyonu: klinik prezentasyona g\u00f6re insidans ve risk fakt\u00f6rleri. Clin Microbiol Infect 2015;21:674.e11\u201318.<\/li><li>Krishnamoorthy B, Najam O, Kharn UA, Waterworth P, Fildes JE, Yonan N. Safen ven hasad\u0131ndan sonra geleneksel deri alt\u0131 cilt kapatmay\u0131 Dermabond cilt yap\u0131\u015ft\u0131r\u0131c\u0131s\u0131 ile kar\u015f\u0131la\u015ft\u0131ran randomize prospektif \u00e7al\u0131\u015fma. Ann Thorac Surg 2009;88:1445\u201350.<\/li><\/ol><ol start=\"5\"><li>Chambers A, Scarci M. Sternal yara enfeksiyonlar\u0131n\u0131n \u00f6nlenmesinde siyanoakrilat yap\u0131\u015ft\u0131r\u0131c\u0131 ile cilt kapatma etkili midir? Interact CardioVasc Thorac Surg 2010;10:793\u20136.<\/li><li>Lavazzo C, Gkegkes ID, Vouloumanou EK, Mamais I, Peppas G, Falagas ME. Cerrahi yaralar\u0131n tedavisi i\u00e7in diki\u015flere kar\u015f\u0131 z\u0131mbalar: randomize kontroll\u00fc \u00e7al\u0131\u015fmalar\u0131n bir meta-analizi. Am Surg2011;77:1206\u201321.<\/li><li>Gorsulowsky DC, Talmor G. Cilt kapatmada son katman olarak yeni bir invaziv olmayan yara kapatma cihaz\u0131. Dermatol Surg 2015;41:987\u20139.<\/li><li>Maria ED. Yeni cilt kapatma sistemi, kardiyovask\u00fcler implante edilebilir elektronik cihaz cerrahisinden sonra yara iyile\u015fmesini kolayla\u015ft\u0131r\u0131r. D\u00fcnya J Clin Vakalar\u0131 2015;3:675\u20137.<\/li><li>Bae SH, Bae YC. Korku durumu ve tedavi y\u00f6ntemine dayal\u0131 olarak farkl\u0131 yara izi de\u011ferlendirme \u00f6l\u00e7eklerinin kullan\u0131m s\u0131kl\u0131\u011f\u0131n\u0131n analizi. Arch Plast Surg 2014;41:111\u20135.<\/li><li>Truong PT, Abnousi F, Yong CM ve ark. Vancouver Skar Skalas\u0131, K\u0131sa Form McGill A\u011fr\u0131 Anketi ve hastalar\u0131n bak\u0131\u015f a\u00e7\u0131lar\u0131n\u0131 birle\u015ftiren meme kanseri cerrahi skarlar\u0131n\u0131n standartla\u015ft\u0131r\u0131lm\u0131\u015f de\u011ferlendirmesi. Plast Reconstr Surg 2005;116:1291\u20139.<\/li><\/ol><ol start=\"11\"><li>Lee SH, Zheng Z, Roh MR. Fraksiyonel dioksit lazer kullan\u0131larak cerrahi yara izlerinin postoperatif erken tedavisi: b\u00f6l\u00fcnm\u00fc\u015f yara izi, de\u011ferlendirici taraf\u0131ndan k\u00f6rle\u015ftirilmi\u015f bir \u00e7al\u0131\u015fma. Dermatol Surg 2013;39:1190\u20136.<\/li><li>Femonti R, Bond J, Erdmann D, Levinson H. Skar ve yara izi \u00f6l\u00e7\u00fcm cihazlar\u0131n\u0131n g\u00f6zden ge\u00e7irilmesi. Eplasti 2010;10:e43.<\/li><li>\u015eark\u0131c\u0131 AJ, Quinn JV, Thode HC Jr, Hollander JE. Laserasyon ve cerrahi insizyon onar\u0131m\u0131ndan sonra k\u00f6t\u00fc sonucun belirleyicileri. Plast Reconstr Surg 2002;110:429\u201337.<\/li><li>Niessen FB, Spauwen PH, Kon M. Diki\u015f malzemesinin hipertrofik skar olu\u015fumundaki rol\u00fc: monocryl ve vicryl-rapide. Ann Plast Surg 1997;39:254\u201360.<\/li><li>Crossland DS, Jackson SP, Lyall R ve ark. Sternotomi ve torakotomi skarlar\u0131na kar\u015f\u0131 hasta tutumlar\u0131. Thorac Cardiovasc Surg 2005;53:93\u20135.<\/li><li>Freeman SB, Taft LE, Dooley KJ ve ark. Down sendromunda konjenital kalp kusurlar\u0131n\u0131n pop\u00fclasyona dayal\u0131 \u00e7al\u0131\u015fmas\u0131. Am J Med Genet 1998;80:213\u20137.<\/li><li>Moller J. Kardiyak malformasyon prevalans\u0131 ve insidans\u0131. \u0130\u00e7inde: Moller JH (ed). Pediatrik kardiyolojide perspektifler: konjenital kalp hastal\u0131\u011f\u0131 cerrahisi: Pediatrik Kardiyak Bak\u0131m Konsorsiyumu, 1984-1995. Armonk, NY: Futura; 1998: 619\u201326.<\/li><li>Dickinson DF, Arnold R, Wilkinson JL. 1960-1969 y\u0131llar\u0131 aras\u0131nda Liverpool&#039;da canl\u0131 do\u011fan 160.480 \u00e7ocukta konjenital kalp hastal\u0131\u011f\u0131. Cerrahi tedavinin \u00e7\u0131kar\u0131mlar\u0131. Br Heart J 1981;46:55\u201362.<\/li><\/ol><ol start=\"19\"><li>Quinn J, Wells G, Sutcliffe T ve ark. Laserasyonlar\u0131n tedavisinde oktilsiyanoakrilat doku yap\u0131\u015ft\u0131r\u0131c\u0131s\u0131 ve s\u00fct\u00fcrleri kar\u015f\u0131la\u015ft\u0131ran randomize bir \u00e7al\u0131\u015fma. JAMA 1997;277:1527\u201330.<\/li><li>Barker GM, O&#039;Brien SM, Welke KF ve ark. Pediatrik kalp cerrahisi sonras\u0131 maj\u00f6r enfeksiyon: bir risk tahmin modeli. Ann Thorac Surg 2010;89:843\u201350.<\/li><\/ol><ol start=\"21\"><li>Pollock EM, Ford-Jones EL, Rebeyka I, et al. Pediatrik kardiyovask\u00fcler cerrahi hastalar\u0131nda erken nozokomiyal enfeksiyonlar. Crit Care Med 1990;18:378\u201384.<\/li><li>Levy I, Ovadia B, Erez E. Bebeklerde ve \u00e7ocuklarda kalp cerrahisi sonras\u0131 nozokomiyal enfeksiyonlar: insidans ve risk fakt\u00f6rleri. J Hosp Infect 2003;53:111\u20136.<\/li><li>Allpress AL, Rosenthal GL, Goodrich KM, Lupinetti FM, Zerr DM. Pediatrik kardiyovask\u00fcler cerrahi sonras\u0131 cerrahi alan enfeksiyonlar\u0131 i\u00e7in risk fakt\u00f6rleri. Pediatr Infect Dis J 2004;23:231\u20134.<\/li><\/ol><ol start=\"24\"><li>Chan KY, Lau CL, Adeeb SM, Somasundaram S, NasirZahari M. Median sternotomi yaras\u0131nda hipertrofik skar geli\u015fiminin \u00f6nlenmesinde silikon jelin randomize, plasebo kontroll\u00fc, \u00e7ift k\u00f6r, prospektif bir klinik \u00e7al\u0131\u015fmas\u0131. Plast Reconstr Surg 2005;116:1013\u201320.<\/li><li>Sakuraba M, Takahashi N, Akahoshi T, Miyasaka Y, Suzuki K. Medyan sternotomiden sonra keloid skarlar\u0131 olan hastalar i\u00e7in silikon jel tabaka deneyimi. Gen Thorac Cardiovasc Surg 2010;58:467\u201370.<\/li><li>Pai VB, Cummings I. Sternotomi sonras\u0131 keloid yara izi i\u00e7in iyi tedaviler var m\u0131? Interact Cardiovasc Thorac Surg 2011;13:415\u20138.<\/li><\/ol>\t\t\t\t\t\t\t\t<\/div>\n\t\t\t\t<\/div>\n\t\t\t\t\t<\/div>\n\t\t<\/div>\n\t\t\t\t\t<\/div>\n\t\t<\/section>\n\t\t\t\t<\/div>","protected":false},"excerpt":{"rendered":"<p>Zip Stitch Longmed Yara Kapatma Cihaz\u0131 Randomize \u00c7al\u0131\u015fma Konjenital Kalp Ameliyatlar\u0131ndan Sonra Kullan\u0131ma Y\u00f6nelik Yeni Noninvazif Zip Stitch Cilt Kapatma Cihaz\u0131n\u0131n Randomize \u00c7al\u0131\u015fmas\u0131 Yuki Tanaka, MD, Takashi Miyamoto, MD, PhD, Yuji Naito, MD, PhD, Shuichi Yoshitake, MD, Akihiro Sasahara, MD ve Kagami Miyaji, MD, Doktora Kalp Damar Cerrahisi B\u00f6l\u00fcm\u00fc, Gunma \u00c7ocuk T\u0131p Merkezi,\u2026<\/p>","protected":false},"author":1,"featured_media":689,"comment_status":"closed","ping_status":"closed","sticky":false,"template":"elementor_header_footer","format":"standard","meta":{"_kad_post_transparent":"","_kad_post_title":"","_kad_post_layout":"","_kad_post_sidebar_id":"","_kad_post_content_style":"","_kad_post_vertical_padding":"","_kad_post_feature":"","_kad_post_feature_position":"","_kad_post_header":false,"_kad_post_footer":false,"footnotes":""},"categories":[2],"tags":[41,10,19,28],"class_list":["post-741","post","type-post","status-publish","format-standard","has-post-thumbnail","hentry","category-blog","tag-longmed-skin-closure-device","tag-wound-closure-device","tag-wound-closure-strips-longmed-zip-stitch-emergency-laceration-closures","tag-zip-stitch"],"_links":{"self":[{"href":"https:\/\/longmed-medical.com\/tr\/wp-json\/wp\/v2\/posts\/741","targetHints":{"allow":["GET"]}}],"collection":[{"href":"https:\/\/longmed-medical.com\/tr\/wp-json\/wp\/v2\/posts"}],"about":[{"href":"https:\/\/longmed-medical.com\/tr\/wp-json\/wp\/v2\/types\/post"}],"author":[{"embeddable":true,"href":"https:\/\/longmed-medical.com\/tr\/wp-json\/wp\/v2\/users\/1"}],"replies":[{"embeddable":true,"href":"https:\/\/longmed-medical.com\/tr\/wp-json\/wp\/v2\/comments?post=741"}],"version-history":[{"count":0,"href":"https:\/\/longmed-medical.com\/tr\/wp-json\/wp\/v2\/posts\/741\/revisions"}],"wp:featuredmedia":[{"embeddable":true,"href":"https:\/\/longmed-medical.com\/tr\/wp-json\/wp\/v2\/media\/689"}],"wp:attachment":[{"href":"https:\/\/longmed-medical.com\/tr\/wp-json\/wp\/v2\/media?parent=741"}],"wp:term":[{"taxonomy":"category","embeddable":true,"href":"https:\/\/longmed-medical.com\/tr\/wp-json\/wp\/v2\/categories?post=741"},{"taxonomy":"post_tag","embeddable":true,"href":"https:\/\/longmed-medical.com\/tr\/wp-json\/wp\/v2\/tags?post=741"}],"curies":[{"name":"wp","href":"https:\/\/api.w.org\/{rel}","templated":true}]}}